{"id":763,"date":"2023-12-27T09:48:35","date_gmt":"2023-12-27T12:48:35","guid":{"rendered":"http:\/\/estudiovernengo.com\/estudio\/?p=763"},"modified":"2023-12-27T09:48:35","modified_gmt":"2023-12-27T12:48:35","slug":"feria-administrativa-de-la-afip-para-el-verano-2024-que-seguira-vigente-en-el-receso","status":"publish","type":"post","link":"http:\/\/estudiovernengo.com\/estudio\/feria-administrativa-de-la-afip-para-el-verano-2024-que-seguira-vigente-en-el-receso\/","title":{"rendered":"Feria administrativa de la AFIP para el verano 2024: qu\u00e9 seguir\u00e1 vigente en el receso"},"content":{"rendered":"<p>La\u00a0AFIP fija la feria administrativa\u00a0o\u00a0<strong>\u00abferia fiscal\u00bb del 1 al 31 de enero<\/strong>,<strong>\u00a0para la que no considera el c\u00f3mputo de los plazos procedimentales<\/strong>\u00a0en el \u00e1mbito del organismo.<\/p>\n<p>En la feria fiscal, se suspenden esos plazos para algunos procedimientos de los agentes de la AFIP, pero no se frena la mayor\u00eda de las obligaciones de presentaci\u00f3n y pago de los contribuyentes.<\/p>\n<h2>Que queda vigente a pesar de la feria administrativa de AFIP<\/h2>\n<p>Para Tributum.news, el receso administrativo de AFIP, para denominarse \u00abFeria Fiscal\u00bb,\u00a0<strong>no deber\u00eda poseer efectos limitados<\/strong>\u00a0y hasta podr\u00eda redenominarse como \u00abFeria Fiscal recursiva o administrativa\u00bb.<\/p>\n<p>Esto se debe a que\u00a0no se postergar\u00e1n las fechas de vencimiento con respecto a las presentaciones y\/o pago de las declaraciones juradas de Seguridad Social (SICOSS), SICORE y SIRE, Impuestos internos, recategorizaci\u00f3n del Monotributo, Ganancias por Precios de Transferencia, entre otros.<\/p>\n<p>Y, adem\u00e1s,\u00a0<strong>se han excluido del receso las facultades de contralor de AFIP, actos o tr\u00e1mites que considere la AFIP<\/strong>, habilitando d\u00edas y horas, y tr\u00e1mites que sean improrrogables para el contribuyente, responsable o usuario del servicio aduanero, como altas, modificaci\u00f3n de datos, bajas, entre otros.<\/p>\n<p><a href=\"http:\/\/estudiovernengo.com\/estudio\/wp-content\/uploads\/2023\/12\/564528.jpg\"><img fetchpriority=\"high\" decoding=\"async\" class=\"size-full wp-image-764 aligncenter\" src=\"http:\/\/estudiovernengo.com\/estudio\/wp-content\/uploads\/2023\/12\/564528.jpg\" alt=\"\" width=\"880\" height=\"1091\" srcset=\"http:\/\/estudiovernengo.com\/estudio\/wp-content\/uploads\/2023\/12\/564528.jpg 880w, http:\/\/estudiovernengo.com\/estudio\/wp-content\/uploads\/2023\/12\/564528-242x300.jpg 242w, http:\/\/estudiovernengo.com\/estudio\/wp-content\/uploads\/2023\/12\/564528-826x1024.jpg 826w, http:\/\/estudiovernengo.com\/estudio\/wp-content\/uploads\/2023\/12\/564528-768x952.jpg 768w\" sizes=\"(max-width: 880px) 100vw, 880px\" \/><\/a><\/p>\n<h2>Qu\u00e9 estableci\u00f3 el Alivio Fiscal para la feria administrativa<\/h2>\n<p>&nbsp;<\/p>\n<p>Desde sus or\u00edgenes, la feria fiscal no comprendi\u00f3 los plazos de vencimientos de presentaci\u00f3n y\/o pago de las obligaciones fiscales, como declaraciones juradas, anticipos, cuotas de planes de pago, entre otros, sostiene Tributum.news.<\/p>\n<div class=\"imagen\">\n<p class=\"epigrafe\">En tal sentido, en un marco de diversas medidas denominadas \u00abde\u00a0<strong>Alivio Fiscal\u00bb se estableci\u00f3 un r\u00e9gimen opcional de presentaci\u00f3n y pago de IVA y Ganancias y de reg\u00edmenes de informaci\u00f3n<\/strong>\u00a0durante el per\u00edodo de feria fiscal de enero de cada a\u00f1o, conforme el siguiente esquema:<\/p>\n<\/div>\n<h3>Reg\u00edmenes de informaci\u00f3n<\/h3>\n<ul>\n<li><strong>Sujetos<\/strong>: todos los contribuyentes.<\/li>\n<li>Feria fiscal: r\u00e9gimen de presentaci\u00f3n.<\/li>\n<li>Presentaci\u00f3n: declaraciones juradas (todos).<\/li>\n<li><strong>Vencimientos<\/strong>: enero de cada a\u00f1o.<\/li>\n<li>Nuevas fechas: mismo d\u00eda mes inmediato siguiente (febrero).<\/li>\n<li><strong>R\u00e9gimen opcional IVA y Ganancias.<\/strong><\/li>\n<\/ul>\n<h3>Sujetos:<\/h3>\n<ul>\n<li><strong>Monotributistas<\/strong>.<\/li>\n<li>Micro y Peque\u00f1as Empresas.<\/li>\n<li>Feria fiscal: R\u00e9gimen opcional de pago a cuenta.<\/li>\n<li>Per\u00edodo: enero de cada a\u00f1o<\/li>\n<li>Grav\u00e1menes: IVA (declaraciones juradas de diciembre) y Ganancias (declaraciones juradas del per\u00edodo fiscal cierre agosto).<\/li>\n<li>Obligaciones. Declaraciones juradas<\/li>\n<li><strong>Vencimientos<\/strong>: presentaci\u00f3n y\/o pago.<\/li>\n<li>Nuevas fechas: d\u00eda h\u00e1bil inmediato anterior a la primera de fecha para las mismas obligaciones con plazo febrero.<\/li>\n<li>Condiciones: presentaci\u00f3n declaraciones juradas de IVA (noviembre a octubre del a\u00f1o anterior: \u00faltimos 12 meses) y Ganancias (a\u00f1o inmediato anterior).<\/li>\n<\/ul>\n<p>Con respecto al\u00a0<strong>pago a cuenta de impuestos<\/strong>, se dan las siguientes condiciones:<\/p>\n<ul>\n<li><strong>Monto:<\/strong>\u00a0predeterminado por AFIP.<\/li>\n<li>Plazo de adhesi\u00f3n: del 7 de diciembre a d\u00eda h\u00e1bil inmediato anterior a la primera fecha desde enero del a\u00f1o siguiente.<\/li>\n<li>Sitio para la adhesi\u00f3n: \u00abMis aplicaciones Web\u00bb &#8211; \u00abFormulario 1239 \u2013 Opci\u00f3n Feria Fiscal\u00bb.<\/li>\n<\/ul>\n","protected":false},"excerpt":{"rendered":"<p>La\u00a0AFIP fija la feria administrativa\u00a0o\u00a0\u00abferia fiscal\u00bb del 1 al 31 de enero,\u00a0para la que no considera el c\u00f3mputo de los plazos procedimentales\u00a0en el \u00e1mbito del organismo. En la feria fiscal, se suspenden esos plazos para algunos procedimientos de los agentes de la AFIP, pero no se frena la mayor\u00eda de las obligaciones de presentaci\u00f3n y &#8230; <a title=\"Feria administrativa de la AFIP para el verano 2024: qu\u00e9 seguir\u00e1 vigente en el receso\" class=\"read-more\" href=\"http:\/\/estudiovernengo.com\/estudio\/feria-administrativa-de-la-afip-para-el-verano-2024-que-seguira-vigente-en-el-receso\/\" aria-label=\"M\u00e1s en Feria administrativa de la AFIP para el verano 2024: qu\u00e9 seguir\u00e1 vigente en el receso\">Leer m\u00e1s<\/a><\/p>\n","protected":false},"author":2,"featured_media":765,"comment_status":"open","ping_status":"open","sticky":false,"template":"","format":"standard","meta":{"generate_page_header":"","footnotes":""},"categories":[6],"tags":[],"class_list":["post-763","post","type-post","status-publish","format-standard","has-post-thumbnail","hentry","category-noticias"],"_links":{"self":[{"href":"http:\/\/estudiovernengo.com\/estudio\/wp-json\/wp\/v2\/posts\/763","targetHints":{"allow":["GET"]}}],"collection":[{"href":"http:\/\/estudiovernengo.com\/estudio\/wp-json\/wp\/v2\/posts"}],"about":[{"href":"http:\/\/estudiovernengo.com\/estudio\/wp-json\/wp\/v2\/types\/post"}],"author":[{"embeddable":true,"href":"http:\/\/estudiovernengo.com\/estudio\/wp-json\/wp\/v2\/users\/2"}],"replies":[{"embeddable":true,"href":"http:\/\/estudiovernengo.com\/estudio\/wp-json\/wp\/v2\/comments?post=763"}],"version-history":[{"count":1,"href":"http:\/\/estudiovernengo.com\/estudio\/wp-json\/wp\/v2\/posts\/763\/revisions"}],"predecessor-version":[{"id":766,"href":"http:\/\/estudiovernengo.com\/estudio\/wp-json\/wp\/v2\/posts\/763\/revisions\/766"}],"wp:featuredmedia":[{"embeddable":true,"href":"http:\/\/estudiovernengo.com\/estudio\/wp-json\/wp\/v2\/media\/765"}],"wp:attachment":[{"href":"http:\/\/estudiovernengo.com\/estudio\/wp-json\/wp\/v2\/media?parent=763"}],"wp:term":[{"taxonomy":"category","embeddable":true,"href":"http:\/\/estudiovernengo.com\/estudio\/wp-json\/wp\/v2\/categories?post=763"},{"taxonomy":"post_tag","embeddable":true,"href":"http:\/\/estudiovernengo.com\/estudio\/wp-json\/wp\/v2\/tags?post=763"}],"curies":[{"name":"wp","href":"https:\/\/api.w.org\/{rel}","templated":true}]}}