{"id":750,"date":"2023-10-31T16:44:40","date_gmt":"2023-10-31T19:44:40","guid":{"rendered":"http:\/\/estudiovernengo.com\/estudio\/?p=750"},"modified":"2023-10-31T16:44:40","modified_gmt":"2023-10-31T19:44:40","slug":"extienden-la-vigencia-de-beneficios-para-sujetos-que-suscriban-acuerdos-de-precios","status":"publish","type":"post","link":"http:\/\/estudiovernengo.com\/estudio\/extienden-la-vigencia-de-beneficios-para-sujetos-que-suscriban-acuerdos-de-precios\/","title":{"rendered":"Extienden la vigencia de beneficios para sujetos que suscriban acuerdos de precios"},"content":{"rendered":"<p style=\"font-weight: 400;\">El Poder Ejecutivo prorroga, hasta el 31 de diciembre, la aplicaci\u00f3n de los beneficios fiscales para aquellos sujetos que suscriban acuerdos de precios para el mercado local con la Secretar\u00eda de Comercio.<br \/>\nMediante el Decreto 551\/2023 prolonga, hasta el 31 de diciembre de 2023, la aplicaci\u00f3n de los beneficios dispuestos en el Decreto 433\/2023, a favor de aquellos sujetos que suscriban acuerdos de precios para el mercado local con la Secretar\u00eda de Comercio, con el objetivo de implementar pol\u00edticas que aten\u00faen el impacto de estos acontecimientos en la sociedad y la econom\u00eda.<br \/>\nRecordemos que el decreto 433\/2023 dispon\u00eda que los sujetos que suscribieran acuerdos de precios con la Secretar\u00eda de Comercio, pod\u00edan gozar de determinados beneficios hasta el 31 de octubre de 2023.\u00a0<em><br \/>\n<\/em><br \/>\nCu\u00e1les son los beneficios que contin\u00faan vigentes:\u00a0<strong><\/p>\n<p>-Compra de moneda extranjera<br \/>\n<\/strong>En primer lugar, se concede la suspensi\u00f3n del pago de cargas que pudieran recaer sobre la compra de billetes y divisas en moneda extranjera para la importaci\u00f3n de mercader\u00edas comprendidas en las posiciones arancelarias de la Nomenclatura Com\u00fan del Mercosur (NCM).\u00a0Se except\u00faan las comprendidas en las posiciones arancelarias de la NCM que se indican en el anexo I del decreto 99\/2019 que reglamenta la ley de solidaridad social y reactivaci\u00f3n productiva en el marco de la emergencia p\u00fablica y que corresponden a bienes suntuarios.<br \/>\n<strong><br \/>\n-Al\u00edcuotas<br \/>\n<\/strong>Por otro lado, dispone la reducci\u00f3n al 0% de la al\u00edcuota del derecho de exportaci\u00f3n para las mercader\u00edas comprendidas en las posiciones arancelarias de la NCM que establezca el Ministerio de Econom\u00eda.\u00a0En este caso, se encomienda a la AFIP la instrumentaci\u00f3n y el otorgamiento de un plan de facilidades de pago consolidado a la fecha del registro de la solicitud de destinaci\u00f3n de exportaci\u00f3n para consumo de las mercader\u00edas.<br \/>\n<strong><br \/>\n-Pr\u00f3rroga de vencimientos<br \/>\n<\/strong>Finalmente, la norma prev\u00e9 la pr\u00f3rroga de los vencimientos para el pago de los adelantos de los impuestos y de las obligaciones de la seguridad social que disponga la AFIP.<em><\/p>\n<p><\/em><\/p>\n","protected":false},"excerpt":{"rendered":"<p>El Poder Ejecutivo prorroga, hasta el 31 de diciembre, la aplicaci\u00f3n de los beneficios fiscales para aquellos sujetos que suscriban acuerdos de precios para el mercado local con la Secretar\u00eda de Comercio. Mediante el Decreto 551\/2023 prolonga, hasta el 31 de diciembre de 2023, la aplicaci\u00f3n de los beneficios dispuestos en el Decreto 433\/2023, a &#8230; <a title=\"Extienden la vigencia de beneficios para sujetos que suscriban acuerdos de precios\" class=\"read-more\" href=\"http:\/\/estudiovernengo.com\/estudio\/extienden-la-vigencia-de-beneficios-para-sujetos-que-suscriban-acuerdos-de-precios\/\" aria-label=\"M\u00e1s en Extienden la vigencia de beneficios para sujetos que suscriban acuerdos de precios\">Leer m\u00e1s<\/a><\/p>\n","protected":false},"author":2,"featured_media":752,"comment_status":"open","ping_status":"open","sticky":false,"template":"","format":"standard","meta":{"generate_page_header":"","footnotes":""},"categories":[6],"tags":[115,116],"class_list":["post-750","post","type-post","status-publish","format-standard","has-post-thumbnail","hentry","category-noticias","tag-acuerdo-de-precios","tag-beneficios"],"_links":{"self":[{"href":"http:\/\/estudiovernengo.com\/estudio\/wp-json\/wp\/v2\/posts\/750","targetHints":{"allow":["GET"]}}],"collection":[{"href":"http:\/\/estudiovernengo.com\/estudio\/wp-json\/wp\/v2\/posts"}],"about":[{"href":"http:\/\/estudiovernengo.com\/estudio\/wp-json\/wp\/v2\/types\/post"}],"author":[{"embeddable":true,"href":"http:\/\/estudiovernengo.com\/estudio\/wp-json\/wp\/v2\/users\/2"}],"replies":[{"embeddable":true,"href":"http:\/\/estudiovernengo.com\/estudio\/wp-json\/wp\/v2\/comments?post=750"}],"version-history":[{"count":1,"href":"http:\/\/estudiovernengo.com\/estudio\/wp-json\/wp\/v2\/posts\/750\/revisions"}],"predecessor-version":[{"id":753,"href":"http:\/\/estudiovernengo.com\/estudio\/wp-json\/wp\/v2\/posts\/750\/revisions\/753"}],"wp:featuredmedia":[{"embeddable":true,"href":"http:\/\/estudiovernengo.com\/estudio\/wp-json\/wp\/v2\/media\/752"}],"wp:attachment":[{"href":"http:\/\/estudiovernengo.com\/estudio\/wp-json\/wp\/v2\/media?parent=750"}],"wp:term":[{"taxonomy":"category","embeddable":true,"href":"http:\/\/estudiovernengo.com\/estudio\/wp-json\/wp\/v2\/categories?post=750"},{"taxonomy":"post_tag","embeddable":true,"href":"http:\/\/estudiovernengo.com\/estudio\/wp-json\/wp\/v2\/tags?post=750"}],"curies":[{"name":"wp","href":"https:\/\/api.w.org\/{rel}","templated":true}]}}