{"id":745,"date":"2023-09-24T19:33:05","date_gmt":"2023-09-24T22:33:05","guid":{"rendered":"http:\/\/estudiovernengo.com\/estudio\/?p=745"},"modified":"2023-09-24T19:33:05","modified_gmt":"2023-09-24T22:33:05","slug":"como-saber-si-me-devuelven-el-iva-en-las-compras-beneficiarios-monto-y-tiempo-del-reintegro","status":"publish","type":"post","link":"http:\/\/estudiovernengo.com\/estudio\/como-saber-si-me-devuelven-el-iva-en-las-compras-beneficiarios-monto-y-tiempo-del-reintegro\/","title":{"rendered":"C\u00f3mo saber si me devuelven el IVA en las compras: beneficiarios, monto y tiempo del reintegro"},"content":{"rendered":"<p class=\"com-paragraph  --capital --s\">El programa \u201c<strong>Compre sin IVA<\/strong>\u201d, mediante el cual se reintegra el 21 por ciento del\u00a0<strong>Impuesto al Valor Agregado<\/strong>\u00a0a quienes cumplan determinados\u00a0<strong>requisitos\u00a0<\/strong>y realicen sus compras de\u00a0<strong>productos de la canasta b\u00e1sica\u00a0<\/strong>a trav\u00e9s de\u00a0<strong>tarjeta de d\u00e9bito,\u00a0<\/strong>comenz\u00f3 a regir desde este lunes 18 de septiembre.<\/p>\n<h3>En este link pueden ver si entran en el beneficio de la devoluci\u00f3n del IVA<\/h3>\n<p><a href=\"https:\/\/servicioscf.afip.gob.ar\/publico\/reintegro\/consulta.aspx\">https:\/\/servicioscf.afip.gob.ar\/publico\/reintegro\/consulta.aspx<\/a><\/p>\n<p class=\"com-paragraph   --s\">La medida fue oficializada a trav\u00e9s de\u00a0la resoluci\u00f3n 5418 publicada en el Bolet\u00edn Oficial.\u00a0Seg\u00fan la normativa, las entidades financieras deber\u00e1n incluir como m\u00ednimo en cada resumen de cuenta que emitan, los importes efectivamente\u00a0<strong>reintegrados\u00a0<\/strong>en cada mes calendario con la\u00a0<strong>leyenda \u201cReintegro programa Compre sin IVA\u201d<\/strong>, para facilitar al consumidor su identificaci\u00f3n.<\/p>\n<p class=\"com-paragraph   --s\">a iniciativa busca apuntalar el consumo y consta de un\u00a0<strong>tope de reintegro de hasta $18.800<\/strong>\u00a0mensuales por beneficiario, para todas las compras que se realicen en\u00a0<strong>comercios inscriptos en la AFIP<\/strong>, siempre que el comprador se encuentre habilitado por la entidad para recibir la devoluci\u00f3n.<\/p>\n<p class=\"com-paragraph   --s\">La compra sin IVA est\u00e1 destinada a los\u00a0<strong>beneficiarios de alguna asignaci\u00f3n de Anses<\/strong>, como jubilados y pensionados, titulares de AUH (Asignaci\u00f3n Universal por Hijo) y de AUE (Asignaci\u00f3n Universal por Embarazo) y a todos aquellos\u00a0<strong>trabajadores en relaci\u00f3n de dependencia<\/strong>\u00a0p\u00fablicos y privados cuyo salario no supere los seis SMVyM (Salario M\u00ednimo, Vital y M\u00f3vil), lo que equivale a\u00a0<strong>$708.000.<\/strong><\/p>\n<div class=\"hidden\">\n<p class=\"com-paragraph   --s\">Se podr\u00e1 acceder al beneficio en los comercios registrados ante la AFIP bajo 25 nomencladores de actividades econ\u00f3micas, incluyendo\u00a0<strong>mayoristas, hipermercados, supermercados, minimercados, fiambrer\u00edas, almacenes, diet\u00e9ticas, carnicer\u00edas, pescader\u00edas, verduler\u00edas, mercados y puestos m\u00f3viles; y comercios alimenticios especializados.<\/strong><\/p>\n<p class=\"com-paragraph   --s\">El reintegro previsto comprender\u00e1 las transferencias instrumentadas mediante\u00a0<strong>tarjetas de d\u00e9bito<\/strong>\u00a0que operen bajo la modalidad de Pago Electr\u00f3nico Inmediato (PEI), as\u00ed como los pagos con d\u00e9bito en cuenta o\u00a0<strong>transferencias inmediatas<\/strong>\u00a0a trav\u00e9s de la utilizaci\u00f3n de\u00a0<strong>c\u00f3digos de respuesta r\u00e1pida<\/strong>\u00a0(QR).<\/p>\n<div class=\"hidden\"><\/div>\n<\/div>\n<div class=\"content-media\">\n<section class=\"mod-media --zoom  \" role=\"button\">\n<figure class=\"mod-figure \" role=\"button\">\n<div class=\"placeholder \">\n<div class=\"com-image\"><picture><source srcset=\"https:\/\/resizer.glanacion.com\/resizer\/v2\/recorrido-por-carrefour-de-vicente-5GLSI5HLWNEAROOIJ25R2VTTJE.jpg?auth=55f853cf416f349caefe04f9589623c3e00998e45a2ad5a369e1eb1ba8ff8f57&amp;width=780&amp;height=520&amp;quality=70&amp;smart=true\" media=\"(min-width: 768px)\" \/><\/picture><\/div>\n<\/div>\n<\/figure>\n<\/section>\n<\/div>\n","protected":false},"excerpt":{"rendered":"<p>El programa \u201cCompre sin IVA\u201d, mediante el cual se reintegra el 21 por ciento del\u00a0Impuesto al Valor Agregado\u00a0a quienes cumplan determinados\u00a0requisitos\u00a0y realicen sus compras de\u00a0productos de la canasta b\u00e1sica\u00a0a trav\u00e9s de\u00a0tarjeta de d\u00e9bito,\u00a0comenz\u00f3 a regir desde este lunes 18 de septiembre. En este link pueden ver si entran en el beneficio de la devoluci\u00f3n del &#8230; <a title=\"C\u00f3mo saber si me devuelven el IVA en las compras: beneficiarios, monto y tiempo del reintegro\" class=\"read-more\" href=\"http:\/\/estudiovernengo.com\/estudio\/como-saber-si-me-devuelven-el-iva-en-las-compras-beneficiarios-monto-y-tiempo-del-reintegro\/\" aria-label=\"M\u00e1s en C\u00f3mo saber si me devuelven el IVA en las compras: beneficiarios, monto y tiempo del reintegro\">Leer m\u00e1s<\/a><\/p>\n","protected":false},"author":2,"featured_media":747,"comment_status":"open","ping_status":"open","sticky":false,"template":"","format":"standard","meta":{"generate_page_header":"","footnotes":""},"categories":[6],"tags":[114],"class_list":["post-745","post","type-post","status-publish","format-standard","has-post-thumbnail","hentry","category-noticias","tag-devolucion-del-iva"],"_links":{"self":[{"href":"http:\/\/estudiovernengo.com\/estudio\/wp-json\/wp\/v2\/posts\/745","targetHints":{"allow":["GET"]}}],"collection":[{"href":"http:\/\/estudiovernengo.com\/estudio\/wp-json\/wp\/v2\/posts"}],"about":[{"href":"http:\/\/estudiovernengo.com\/estudio\/wp-json\/wp\/v2\/types\/post"}],"author":[{"embeddable":true,"href":"http:\/\/estudiovernengo.com\/estudio\/wp-json\/wp\/v2\/users\/2"}],"replies":[{"embeddable":true,"href":"http:\/\/estudiovernengo.com\/estudio\/wp-json\/wp\/v2\/comments?post=745"}],"version-history":[{"count":1,"href":"http:\/\/estudiovernengo.com\/estudio\/wp-json\/wp\/v2\/posts\/745\/revisions"}],"predecessor-version":[{"id":748,"href":"http:\/\/estudiovernengo.com\/estudio\/wp-json\/wp\/v2\/posts\/745\/revisions\/748"}],"wp:featuredmedia":[{"embeddable":true,"href":"http:\/\/estudiovernengo.com\/estudio\/wp-json\/wp\/v2\/media\/747"}],"wp:attachment":[{"href":"http:\/\/estudiovernengo.com\/estudio\/wp-json\/wp\/v2\/media?parent=745"}],"wp:term":[{"taxonomy":"category","embeddable":true,"href":"http:\/\/estudiovernengo.com\/estudio\/wp-json\/wp\/v2\/categories?post=745"},{"taxonomy":"post_tag","embeddable":true,"href":"http:\/\/estudiovernengo.com\/estudio\/wp-json\/wp\/v2\/tags?post=745"}],"curies":[{"name":"wp","href":"https:\/\/api.w.org\/{rel}","templated":true}]}}