{"id":676,"date":"2022-07-28T16:05:30","date_gmt":"2022-07-28T16:05:30","guid":{"rendered":"http:\/\/estudiovernengo.com\/estudio\/?p=676"},"modified":"2022-07-28T16:05:36","modified_gmt":"2022-07-28T16:05:36","slug":"afip-establecio-que-los-productores-deberan-informar-dos-veces-al-ano-el-volumen-de-la-produccion-de-granos","status":"publish","type":"post","link":"http:\/\/estudiovernengo.com\/estudio\/afip-establecio-que-los-productores-deberan-informar-dos-veces-al-ano-el-volumen-de-la-produccion-de-granos\/","title":{"rendered":"AFIP estableci\u00f3 que los productores deber\u00e1n informar dos veces al a\u00f1o el volumen de la producci\u00f3n de granos"},"content":{"rendered":"\n<p>on el objetivo de mejorar la informaci\u00f3n disponible en las bases de datos y optimizar los procesos de fiscalizaci\u00f3n, la Administraci\u00f3n Federal de Ingresos P\u00fablicos<a href=\"https:\/\/www.iprofesional.com\/impuestos\/366099-afip-actualiza-importe-para-identificar-a-consumidores-finales\" target=\"_blank\" rel=\"noreferrer noopener\">&nbsp;(AFIP) y el Ministerio de Agricultura establecieron que los productores deber\u00e1n informar dos veces al a\u00f1o el volumen de la producci\u00f3n de granos<\/a>&nbsp;obtenida durante cada campa\u00f1a.<\/p>\n\n\n\n<p>Las modificaciones establecen asimismo que los productores reporten anualmente sus existencias de trigo a fines de febrero. Las adecuaciones introducidas al Sistema de Informaci\u00f3n Simplificado Agr\u00edcola (SISA), la base de datos donde se declaran distintos datos sobre la actividad, fortalecen la capacidad estatal para desarticular maniobras de evasi\u00f3n y benefician a aquellos actores que cumplen con sus obligaciones.<\/p>\n\n\n\n<p>Como parte de la estrategia conjunta para optimizar las herramientas de fiscalizaci\u00f3n , la AFIP y el Ministerio de Agricultura, Ganader\u00eda y Pesca&nbsp;<a href=\"https:\/\/www.iprofesional.com\/impuestos\/366253-la-afip-extiende-la-carta-de-porte-electronica\" target=\"_blank\" rel=\"noreferrer noopener\">definieron que los distribuidores y mayoristas del sector harinero deber\u00e1n utilizar de forma obligatoria el Remito Electr\u00f3nico Harinero<\/a>&nbsp;(REH) cuando env\u00eden mercader\u00eda a las panader\u00edas.<strong>&nbsp;La extensi\u00f3n del uso del documento digital, que ampara el traslado de harinas y\/o subproductos<\/strong>&nbsp;derivados de la molienda de trigo, ampl\u00eda la trazabilidad en la cadena de comercializaci\u00f3n.<\/p>\n\n\n\n<h2 class=\"wp-block-heading\">Productores deben informar dos veces al a\u00f1o el volumen de granos<\/h2>\n\n\n\n<p>\u00abLa digitalizaci\u00f3n de la documentaci\u00f3n y la mejora permanente en los datos sectoriales fortalece las tareas de control y fiscalizaci\u00f3n realizadas en forma coordinada\u00a0por las distintas \u00e1reas del Estado para desarticular operaciones irregulares que no solo afectan el financiamiento de las pol\u00edticas p\u00fablicas sino que tambi\u00e9n perjudican a los actores que cumplen con las reglas\u00bb, expres\u00f3 la titular de la AFIP, Mercedes Marc\u00f3 del Pont, al referirse a las resoluciones generales conjuntas 5236 y 5237 que se publican este mi\u00e9rcoles en el Bolet\u00edn Oficial.<img decoding=\"async\" src=\"https:\/\/assets.iprofesional.com\/assets\/jpg\/2021\/10\/524620.jpg\" alt=\"Productores deben informar dos veces al a\u00f1o el volumen de granos\" style=\"width: 1200px;\">Productores deben informar dos veces al a\u00f1o el volumen de granos<\/p>\n\n\n\n<p><strong>Las normativas forman parte de las medidas instrumentadas por las distintas \u00e1reas especializadas<\/strong>&nbsp;para mejorar las capacidades de fiscalizaci\u00f3n. Las herramientas se suman a la reciente incorporaci\u00f3n de la carta de porte electr\u00f3nica para el transporte de subproductos granarios.<\/p>\n\n\n\n<p><a href=\"https:\/\/www.iprofesional.com\/impuestos\/366170-afip-monotributo-como-descargo-el-formulario-152\" target=\"_blank\" rel=\"noreferrer noopener\">Las adecuaciones al SISA le permitir\u00e1n a la AFIP<\/a>&nbsp;y al Ministerio de Agricultura&nbsp;contar con datos m\u00e1s precisos con relaci\u00f3n a la producci\u00f3n obtenida en las cosechas fina y gruesa&nbsp;y los rindes por hect\u00e1rea de las explotaciones agr\u00edcolas. Asimismo, la normativa mejora la informaci\u00f3n disponible en las bases de datos estatales sobre las existencias de trigo, una vez finalizada la cosecha de ese cultivo. Las mejoras introducidas por la normativa fortalecen las pol\u00edticas de fiscalizaci\u00f3n sobre la actividad con el objetivo de desarticular maniobras de evasi\u00f3n y contrabando.<\/p>\n\n\n\n<p><strong>La resoluci\u00f3n conjunta establece dos fechas anuales, en la finalizaci\u00f3n de la cosecha gruesa y en la de la fina<\/strong>, para que los productores declaren la producci\u00f3n obtenida en cada uno de esos per\u00edodos. La norma que estaba vigente preve\u00eda que los productores agrarios informen una vez al a\u00f1o su stock de granos.<\/p>\n\n\n\n<h2 class=\"wp-block-heading\">Extensi\u00f3n del uso de herramientas digitales en la cadena molinera<\/h2>\n\n\n\n<p>A las adecuaciones al SISA tendientes a desarticular maniobras fraudulentas, se suma la decisi\u00f3n de que los distribuidores y mayoristas del sector harinero deban utilizar de forma obligatoria el Remito Electr\u00f3nico Harinero&nbsp;(REH) cuando env\u00eden mercader\u00eda a las panader\u00edas. La resoluci\u00f3n conjunta de la AFIP y el Ministerio de Agricultura ampl\u00eda la trazabilidad sobre comercializaci\u00f3n del sector. De esta forma, la herramienta que obligaba a los molinos, primer eslab\u00f3n de la cadena, a emitir el remito, ahora alcanzar\u00e1 tambi\u00e9n a los distribuidores y mayoristas que venden harina a las panader\u00edas.<\/p>\n","protected":false},"excerpt":{"rendered":"<p>on el objetivo de mejorar la informaci\u00f3n disponible en las bases de datos y optimizar los procesos de fiscalizaci\u00f3n, la Administraci\u00f3n Federal de Ingresos P\u00fablicos&nbsp;(AFIP) y el Ministerio de Agricultura establecieron que los productores deber\u00e1n informar dos veces al a\u00f1o el volumen de la producci\u00f3n de granos&nbsp;obtenida durante cada campa\u00f1a. Las modificaciones establecen asimismo que &#8230; <a title=\"AFIP estableci\u00f3 que los productores deber\u00e1n informar dos veces al a\u00f1o el volumen de la producci\u00f3n de granos\" class=\"read-more\" href=\"http:\/\/estudiovernengo.com\/estudio\/afip-establecio-que-los-productores-deberan-informar-dos-veces-al-ano-el-volumen-de-la-produccion-de-granos\/\" aria-label=\"M\u00e1s en AFIP estableci\u00f3 que los productores deber\u00e1n informar dos veces al a\u00f1o el volumen de la producci\u00f3n de granos\">Leer m\u00e1s<\/a><\/p>\n","protected":false},"author":2,"featured_media":677,"comment_status":"open","ping_status":"open","sticky":false,"template":"","format":"standard","meta":{"generate_page_header":"","footnotes":""},"categories":[6],"tags":[12,103],"class_list":["post-676","post","type-post","status-publish","format-standard","has-post-thumbnail","hentry","category-noticias","tag-afip","tag-produccion-de-granos"],"_links":{"self":[{"href":"http:\/\/estudiovernengo.com\/estudio\/wp-json\/wp\/v2\/posts\/676","targetHints":{"allow":["GET"]}}],"collection":[{"href":"http:\/\/estudiovernengo.com\/estudio\/wp-json\/wp\/v2\/posts"}],"about":[{"href":"http:\/\/estudiovernengo.com\/estudio\/wp-json\/wp\/v2\/types\/post"}],"author":[{"embeddable":true,"href":"http:\/\/estudiovernengo.com\/estudio\/wp-json\/wp\/v2\/users\/2"}],"replies":[{"embeddable":true,"href":"http:\/\/estudiovernengo.com\/estudio\/wp-json\/wp\/v2\/comments?post=676"}],"version-history":[{"count":1,"href":"http:\/\/estudiovernengo.com\/estudio\/wp-json\/wp\/v2\/posts\/676\/revisions"}],"predecessor-version":[{"id":678,"href":"http:\/\/estudiovernengo.com\/estudio\/wp-json\/wp\/v2\/posts\/676\/revisions\/678"}],"wp:featuredmedia":[{"embeddable":true,"href":"http:\/\/estudiovernengo.com\/estudio\/wp-json\/wp\/v2\/media\/677"}],"wp:attachment":[{"href":"http:\/\/estudiovernengo.com\/estudio\/wp-json\/wp\/v2\/media?parent=676"}],"wp:term":[{"taxonomy":"category","embeddable":true,"href":"http:\/\/estudiovernengo.com\/estudio\/wp-json\/wp\/v2\/categories?post=676"},{"taxonomy":"post_tag","embeddable":true,"href":"http:\/\/estudiovernengo.com\/estudio\/wp-json\/wp\/v2\/tags?post=676"}],"curies":[{"name":"wp","href":"https:\/\/api.w.org\/{rel}","templated":true}]}}