{"id":629,"date":"2021-10-16T03:28:23","date_gmt":"2021-10-16T03:28:23","guid":{"rendered":"http:\/\/estudiovernengo.com\/estudio\/?p=629"},"modified":"2021-10-16T03:28:26","modified_gmt":"2021-10-16T03:28:26","slug":"la-igj-actualizo-valores-de-garantia-para-directores-y-gerentes-de-sa-y-srl","status":"publish","type":"post","link":"http:\/\/estudiovernengo.com\/estudio\/la-igj-actualizo-valores-de-garantia-para-directores-y-gerentes-de-sa-y-srl\/","title":{"rendered":"La IGJ actualiz\u00f3 valores de garant\u00eda para directores y gerentes de SA y SRL"},"content":{"rendered":"\n<p>La Inspecci\u00f3n General de Justicia\u00a0modific\u00f3 los montos de las garant\u00edas que deben constituirse, increment\u00e1ndolas en hasta un 3000 por ciento.<\/p>\n\n\n\n<p>Asimismo,\u00a0nos parece importante realizar un repaso\u00a0de\u00a0todas las cuestiones vinculadas a las garant\u00edas.<\/p>\n\n\n\n<h2 class=\"wp-block-heading\">La IGJ actualiz\u00f3 valores de garant\u00eda para directores y gerentes<\/h2>\n\n\n\n<p>A continuaci\u00f3n detallamos las 5<strong>\u00a0claves de las garant\u00edas<\/strong>, luego de la\u00a0Resoluci\u00f3n General (IGJ) 15\/2021.<\/p>\n\n\n\n<p><strong>1) \u00bfCu\u00e1l es el nuevo monto exigido por la IGJ?<\/strong><\/p>\n\n\n\n<p>Se mantiene la exigencia que establece que el monto de la garant\u00eda&nbsp;no puede ser inferior al 60% del monto del capital social en forma conjunta entre todos los titulares&nbsp;designados.<\/p>\n\n\n\n<p>No obstante, se modifican los montos m\u00ednimos y m\u00e1ximos de la garant\u00eda respecto a cada obligado.<\/p>\n\n\n\n<p>En ning\u00fan caso el monto de la garant\u00eda, en forma individual, podr\u00e1 ser inferior a $300.000&nbsp;ni superior a $1.000.000 por cada obligado a constituirla.<\/p>\n\n\n\n<p>Actualmente, dichos montos son $10.000 y $50.000, respectivamente.<\/p>\n\n\n\n<p>Es decir,&nbsp;la IGJ ha incrementado el monto m\u00ednimo en un 3000% y el monto m\u00e1ximo en un 2000 por ciento.<\/p>\n\n\n\n<p>Esto demuestra claramente el efecto de la inflaci\u00f3n en la Argentina que no es reconocido por muchos otros Organismos del Estado.<\/p>\n\n\n\n<p><strong>2) \u00bfQui\u00e9n debe constituir una garant\u00eda por su funci\u00f3n?<\/strong><\/p>\n\n\n\n<p>Deben constituir garant\u00edas, quienes desempe\u00f1es los siguientes cargos como titulares:<\/p>\n\n\n\n<ul class=\"wp-block-list\"><li><strong>Los directores de sociedades an\u00f3nimas.<\/strong><\/li><li><strong>Los gerentes de sociedades de responsabilidad limitada.<\/strong><\/li><li>Los administradores de sociedades por acciones simplificadas.<\/li><li>Los representantes legales de las sucursales de empresas extranjeras<\/li><li>Los suplentes s\u00f3lo estar\u00e1n obligados a partir del momento en que asuman el cargo en reemplazo de titulares cesantes.<\/li><\/ul>\n\n\n\n<p><strong>3) \u00bfDe qu\u00e9 forma se constituye la garant\u00eda?<\/strong><\/p>\n\n\n\n<p>La garant\u00eda&nbsp;NO puede constituirse en efectivo mediante el ingreso de fondos a la caja social.<\/p>\n\n\n\n<p>Lo m\u00e1s habitual es constituir un seguro de cauci\u00f3n a favor de la Sociedad.<\/p>\n\n\n\n<p>Las opciones de constituci\u00f3n son:<\/p>\n\n\n\n<p>a) En bonos, t\u00edtulos p\u00fablicos o sumas de moneda nacional&nbsp;o extranjera depositados en entidades financieras o cajas de valores, a la orden de la sociedad; o<\/p>\n\n\n\n<p>b) En fianzas, avales bancarios, seguros de cauci\u00f3n o de responsabilidad civil a favor de la misma.<\/p>\n\n\n\n<p>En este \u00faltimo caso, el costo debe ser soportado por quien debe constituir la garant\u00eda. Un error com\u00fan que se observa es que la Sociedad registra el costo como un gasto propio cuando en realidad debe imputarlo contablemente como un cr\u00e9dito con el director, gerente, etc.<\/p>\n\n\n\n<p><strong>4) \u00bfCu\u00e1ndo entra en vigencia la modificaci\u00f3n?<\/strong><\/p>\n\n\n\n<p>La modificaci\u00f3n dispuesta por la Resoluci\u00f3n General (IGJ) 15\/2021,&nbsp;entra en vigencia el martes&nbsp;<strong>2 de noviembre de 2021.<\/strong><\/p>\n\n\n\n<p><strong>5) \u00bfQu\u00e9 sucede con los tr\u00e1mites en curso que se est\u00e9n realizando ante la IGJ?<\/strong><\/p>\n\n\n\n<p>La IGJ&nbsp;<strong>s\u00f3lo verificar\u00e1 el cumplimiento de las garant\u00edas&nbsp;<\/strong>con los nuevos importes respecto de los tr\u00e1mites que se inicien a partir del 2 de noviembre de 2021, inclusive.<\/p>\n\n\n\n<p>No obstante, desde dicha fecha existe la obligaci\u00f3n de readecuar las garant\u00edas a los nuevos montos.<\/p>\n","protected":false},"excerpt":{"rendered":"<p>La Inspecci\u00f3n General de Justicia\u00a0modific\u00f3 los montos de las garant\u00edas que deben constituirse, increment\u00e1ndolas en hasta un 3000 por ciento. Asimismo,\u00a0nos parece importante realizar un repaso\u00a0de\u00a0todas las cuestiones vinculadas a las garant\u00edas. La IGJ actualiz\u00f3 valores de garant\u00eda para directores y gerentes A continuaci\u00f3n detallamos las 5\u00a0claves de las garant\u00edas, luego de la\u00a0Resoluci\u00f3n General (IGJ) &#8230; <a title=\"La IGJ actualiz\u00f3 valores de garant\u00eda para directores y gerentes de SA y SRL\" class=\"read-more\" href=\"http:\/\/estudiovernengo.com\/estudio\/la-igj-actualizo-valores-de-garantia-para-directores-y-gerentes-de-sa-y-srl\/\" aria-label=\"M\u00e1s en La IGJ actualiz\u00f3 valores de garant\u00eda para directores y gerentes de SA y SRL\">Leer m\u00e1s<\/a><\/p>\n","protected":false},"author":2,"featured_media":630,"comment_status":"open","ping_status":"open","sticky":false,"template":"","format":"standard","meta":{"generate_page_header":"","footnotes":""},"categories":[6],"tags":[],"class_list":["post-629","post","type-post","status-publish","format-standard","has-post-thumbnail","hentry","category-noticias"],"_links":{"self":[{"href":"http:\/\/estudiovernengo.com\/estudio\/wp-json\/wp\/v2\/posts\/629","targetHints":{"allow":["GET"]}}],"collection":[{"href":"http:\/\/estudiovernengo.com\/estudio\/wp-json\/wp\/v2\/posts"}],"about":[{"href":"http:\/\/estudiovernengo.com\/estudio\/wp-json\/wp\/v2\/types\/post"}],"author":[{"embeddable":true,"href":"http:\/\/estudiovernengo.com\/estudio\/wp-json\/wp\/v2\/users\/2"}],"replies":[{"embeddable":true,"href":"http:\/\/estudiovernengo.com\/estudio\/wp-json\/wp\/v2\/comments?post=629"}],"version-history":[{"count":1,"href":"http:\/\/estudiovernengo.com\/estudio\/wp-json\/wp\/v2\/posts\/629\/revisions"}],"predecessor-version":[{"id":631,"href":"http:\/\/estudiovernengo.com\/estudio\/wp-json\/wp\/v2\/posts\/629\/revisions\/631"}],"wp:featuredmedia":[{"embeddable":true,"href":"http:\/\/estudiovernengo.com\/estudio\/wp-json\/wp\/v2\/media\/630"}],"wp:attachment":[{"href":"http:\/\/estudiovernengo.com\/estudio\/wp-json\/wp\/v2\/media?parent=629"}],"wp:term":[{"taxonomy":"category","embeddable":true,"href":"http:\/\/estudiovernengo.com\/estudio\/wp-json\/wp\/v2\/categories?post=629"},{"taxonomy":"post_tag","embeddable":true,"href":"http:\/\/estudiovernengo.com\/estudio\/wp-json\/wp\/v2\/tags?post=629"}],"curies":[{"name":"wp","href":"https:\/\/api.w.org\/{rel}","templated":true}]}}