{"id":605,"date":"2021-04-08T14:10:26","date_gmt":"2021-04-08T14:10:26","guid":{"rendered":"http:\/\/estudiovernengo.com\/estudio\/?p=605"},"modified":"2021-04-08T14:10:34","modified_gmt":"2021-04-08T14:10:34","slug":"mipymes-nuevos-limites-de-categorizacion-segun-ventas-totales-anuales-a-partir-del-1-de-abril","status":"publish","type":"post","link":"http:\/\/estudiovernengo.com\/estudio\/mipymes-nuevos-limites-de-categorizacion-segun-ventas-totales-anuales-a-partir-del-1-de-abril\/","title":{"rendered":"MiPyMEs: nuevos l\u00edmites de categorizaci\u00f3n seg\u00fan ventas totales anuales a partir del 1\u00b0 de abril"},"content":{"rendered":"\n<p>Mediante la Resoluci\u00f3n 19\/2021 se actualizan, con vigencia desde el 1\u00b0 de abril del corriente, los valores de los l\u00edmites de categorizaci\u00f3n pymes seg\u00fan ventas totales anuales para las MiPyMEs.<\/p>\n\n\n\n<h2 class=\"wp-block-heading\"><strong>L\u00edmites de categorizaci\u00f3n PyMEs a partir del 1 de abril<\/strong><\/h2>\n\n\n\n<p>En efecto, mediante la\u00a0<strong>Resoluci\u00f3n 19\/2021\u00a0<\/strong>actualiz\u00f3, con vigencia desde el 1\u00b0 de abril del corriente, los valores establecidos en el\u00a0<strong>Anexo IV de la Res. 220\/2019\u00a0<\/strong>que establecen los l\u00edmites de categorizaci\u00f3n pymes seg\u00fan ventas totales anuales de acuerdo a los siguientes importes:<\/p>\n\n\n\n<figure class=\"wp-block-table\"><table><tbody><tr><th><strong>Categor\u00eda<\/strong><\/th><th><strong>Construcci\u00f3n<\/strong><\/th><th><strong>Servicios<\/strong><\/th><th><strong>Comercio<\/strong><\/th><th><strong>Industria y Miner\u00eda<\/strong><\/th><th><strong>Agropecuario<\/strong><\/th><\/tr><tr><td>Micro<\/td><td>24.990.000<\/td><td>13.190.000<\/td><td>57.000.000<\/td><td>45.540.000<\/td><td>30.770.000<\/td><\/tr><tr><td>Peque\u00f1a<\/td><td>148.260.000<\/td><td>79.540.000<\/td><td>352.420.000<\/td><td>326.660.000<\/td><td>116.300.000<\/td><\/tr><tr><td>Mediana tramo 1<\/td><td>827.210.000<\/td><td>658.350.000<\/td><td>2.588.770.000<\/td><td>2.530.470.000<\/td><td>692.920.000<\/td><\/tr><tr><td>Mediana tramo 2<\/td><td>1.240.680.000<\/td><td>940.220.000<\/td><td>3.698.270.000<\/td><td>3.955.200.000<\/td><td>1.099.020.000<\/td><\/tr><\/tbody><\/table><\/figure>\n\n\n\n<p>Al mismo tiempo dispuso que la sola presentaci\u00f3n del Formulario 1272 implicar\u00e1 el consentimiento expreso de la empresa para que la AFIP transmita la informaci\u00f3n all\u00ed declarada, a la Secretar\u00eda De La Peque\u00f1a Y Mediana Empresa Y Los Emprendedores.<\/p>\n\n\n\n<p>Adem\u00e1s, con dicha inscripci\u00f3n se podr\u00e1 autorizar a la SePyMEyE a compartir, previa firma de un convenio a esos efectos con el receptor de la informaci\u00f3n, la informaci\u00f3n contenida en el Registro de Empresas MiPyMES, con entidades financieras y\/o de cr\u00e9dito, educativas y\/o de capacitaci\u00f3n, asociaciones, organizaciones, fundaciones, federaciones, confederaciones y\/o c\u00e1maras sectoriales a efectos de ofrecer y\/u otorgar beneficios, productos y\/o servicios para Micro, Peque\u00f1as y Medianas Empresas, siempre que se garantice la seguridad en el tratamiento de dicha informaci\u00f3n y protecci\u00f3n de los datos personales.<\/p>\n\n\n\n<h2 class=\"wp-block-heading\"><strong>Legajo \u00danico Financiero y Econ\u00f3mico<\/strong><\/h2>\n\n\n\n<p>Con la inscripci\u00f3n al Registro de Empresas MiPyME, la Secretar\u00eda generar\u00e1 el\u00a0Legajo \u00danico Financiero y Econ\u00f3mico\u00a0de la MiPyME, creado por la\u00a0Resoluci\u00f3n N\u00b0 92\/2021\u00a0del Ministerio De Desarrollo Productivo, que contendr\u00e1 la informaci\u00f3n econ\u00f3mica, contable y financiera de la MiPyME y los indicadores econ\u00f3micos, financieros y patrimoniales generados en base a la misma que permitan conocer la situaci\u00f3n de la MiPyME.<\/p>\n\n\n\n<p>Dicho Legajo contar\u00e1 con la siguiente informaci\u00f3n:<\/p>\n\n\n\n<p>a) Informaci\u00f3n de ventas, compras, IVA d\u00e9bito e IVA cr\u00e9dito proveniente de las declaraciones juradas de IVA presentadas por las empresas ante la AFIP;<\/p>\n\n\n\n<p>b) Informaci\u00f3n del activo, pasivo, patrimonio neto, estado de resultados, entre otros, proveniente de las declaraciones juradas del Impuesto a las Ganancias presentadas por las empresas ante la AFIP;<\/p>\n\n\n\n<p>c) Estados contables presentados por las empresas, en los t\u00e9rminos de la Resoluci\u00f3n Conjunta N\u00b0 4.050 de fecha 12 de mayo de 2017 de la AFIP y la ex SEyPYME;<\/p>\n\n\n\n<p>d) Informaci\u00f3n de empleados, sueldo bruto, contribuciones patronales y aportes personales de los trabajadores, entre otros, proveniente de los Formularios F. 931 presentados por las empresas ante la AFIP;<\/p>\n\n\n\n<p>e) Dem\u00e1s informaci\u00f3n de car\u00e1cter p\u00fablico que las Micro, Peque\u00f1as y Medianas Empresas hayan aportado a los organismos p\u00fablicos comprendidos en el Art\u00edculo 8\u00b0 de la Ley N\u00b0 24.156;<\/p>\n\n\n\n<p>f) Otra informaci\u00f3n y documentaci\u00f3n que surja de los convenios espec\u00edficos a suscribirse.<\/p>\n","protected":false},"excerpt":{"rendered":"<p>Mediante la Resoluci\u00f3n 19\/2021 se actualizan, con vigencia desde el 1\u00b0 de abril del corriente, los valores de los l\u00edmites de categorizaci\u00f3n pymes seg\u00fan ventas totales anuales para las MiPyMEs. L\u00edmites de categorizaci\u00f3n PyMEs a partir del 1 de abril En efecto, mediante la\u00a0Resoluci\u00f3n 19\/2021\u00a0actualiz\u00f3, con vigencia desde el 1\u00b0 de abril del corriente, los &#8230; <a title=\"MiPyMEs: nuevos l\u00edmites de categorizaci\u00f3n seg\u00fan ventas totales anuales a partir del 1\u00b0 de abril\" class=\"read-more\" href=\"http:\/\/estudiovernengo.com\/estudio\/mipymes-nuevos-limites-de-categorizacion-segun-ventas-totales-anuales-a-partir-del-1-de-abril\/\" aria-label=\"M\u00e1s en MiPyMEs: nuevos l\u00edmites de categorizaci\u00f3n seg\u00fan ventas totales anuales a partir del 1\u00b0 de abril\">Leer m\u00e1s<\/a><\/p>\n","protected":false},"author":2,"featured_media":606,"comment_status":"open","ping_status":"open","sticky":false,"template":"","format":"standard","meta":{"generate_page_header":"","footnotes":""},"categories":[6],"tags":[],"class_list":["post-605","post","type-post","status-publish","format-standard","has-post-thumbnail","hentry","category-noticias"],"_links":{"self":[{"href":"http:\/\/estudiovernengo.com\/estudio\/wp-json\/wp\/v2\/posts\/605","targetHints":{"allow":["GET"]}}],"collection":[{"href":"http:\/\/estudiovernengo.com\/estudio\/wp-json\/wp\/v2\/posts"}],"about":[{"href":"http:\/\/estudiovernengo.com\/estudio\/wp-json\/wp\/v2\/types\/post"}],"author":[{"embeddable":true,"href":"http:\/\/estudiovernengo.com\/estudio\/wp-json\/wp\/v2\/users\/2"}],"replies":[{"embeddable":true,"href":"http:\/\/estudiovernengo.com\/estudio\/wp-json\/wp\/v2\/comments?post=605"}],"version-history":[{"count":1,"href":"http:\/\/estudiovernengo.com\/estudio\/wp-json\/wp\/v2\/posts\/605\/revisions"}],"predecessor-version":[{"id":607,"href":"http:\/\/estudiovernengo.com\/estudio\/wp-json\/wp\/v2\/posts\/605\/revisions\/607"}],"wp:featuredmedia":[{"embeddable":true,"href":"http:\/\/estudiovernengo.com\/estudio\/wp-json\/wp\/v2\/media\/606"}],"wp:attachment":[{"href":"http:\/\/estudiovernengo.com\/estudio\/wp-json\/wp\/v2\/media?parent=605"}],"wp:term":[{"taxonomy":"category","embeddable":true,"href":"http:\/\/estudiovernengo.com\/estudio\/wp-json\/wp\/v2\/categories?post=605"},{"taxonomy":"post_tag","embeddable":true,"href":"http:\/\/estudiovernengo.com\/estudio\/wp-json\/wp\/v2\/tags?post=605"}],"curies":[{"name":"wp","href":"https:\/\/api.w.org\/{rel}","templated":true}]}}