{"id":584,"date":"2021-03-19T00:48:58","date_gmt":"2021-03-19T00:48:58","guid":{"rendered":"http:\/\/estudiovernengo.com\/estudio\/?p=584"},"modified":"2021-03-19T00:49:02","modified_gmt":"2021-03-19T00:49:02","slug":"aumento-para-autonomos","status":"publish","type":"post","link":"http:\/\/estudiovernengo.com\/estudio\/aumento-para-autonomos\/","title":{"rendered":"Aumento para aut\u00f3nomos"},"content":{"rendered":"\n<p>El ente recaudador oficializ\u00f3 la actualizaci\u00f3n de los valores con un incremento del 8.7% en relaci\u00f3n a lo que se abonaba en febrero.<\/p>\n\n\n\n<p>La\u00a0<strong>Administraci\u00f3n Federal de Ingresos P\u00fablicos (AFIP)\u00a0<\/strong>oficializ\u00f3 este martes los nuevos valores para los contribuyentes\u00a0<strong>aut\u00f3nomos<\/strong>\u00a0que rigen desde el mes de marzo,\u00a0con un incremento del 8.7% en relaci\u00f3n a los valores vigentes hasta febrero.<\/p>\n\n\n\n<p>Estos importes aplican a los pagos devengados del mes de marzo y que se abonan reci\u00e9n en abril, pero tambi\u00e9n para los de abril y mayo, mientras que para junio est\u00e1 programada la siguiente actualizaci\u00f3n trimestral.<\/p>\n\n\n\n<p>El listado de montos publicado por el ente recaudador refiere a lo que se debe pagar por aportes, solamente como cobertura para la jubilaci\u00f3n debido a discrimina el total correspondiente a IVA, Ganancias y cobertura de salud.<\/p>\n\n\n\n<p>De esta forma, si se focaliza en la categor\u00eda I, la m\u00e1s baja, pasar\u00e1 a abonar un aporte mensual de&nbsp;$3.695,16; la II, $5173.14; III, 7390.25; IV, 11824.40; V, 16258.48.<\/p>\n\n\n\n<p>Mientras que para los agrupados en la categor\u00eda de trabajadores aut\u00f3nomos que realicen actividades penosas o riesgosas a las que les corresponde un r\u00e9gimen previsional diferencial, la categor\u00eda I prima el valor ser\u00e1 de $4041,58 y la m\u00e1s alta, V prima, trepar\u00e1 a los $17.782,71.<\/p>\n\n\n\n<p>Por su parte,&nbsp;Afiliaciones voluntarias, en su categor\u00eda I, estar\u00e1 en los $3.695,16, misma suma para la \u00fanica categor\u00eda (I) de menores de 21 a\u00f1os.<\/p>\n\n\n\n<p>Para Beneficiarios de prestaciones previsionales otorgadas en el marco de la Ley N\u00ba 24.241 y sus modificaciones, que ingresen, reingresen o contin\u00faen en la actividad aut\u00f3noma, $3.117,79 en su categor\u00eda I.<\/p>\n\n\n\n<p>Amas de Casa que opten por el aporte reducido previsto por la Ley N\u00ba 24.828 tendr\u00e1 la obligaci\u00f3n de pagar $1.270,21 (categor\u00eda I).<\/p>\n\n\n\n<p><strong><a href=\"http:\/\/estudiovernengo.com\/estudio\/wp-content\/uploads\/2021\/03\/AFIP-publico\u0301-los-aumentos-para-auto\u0301nomos_-\u00bfdesde-cua\u0301ndo-rige-y-co\u0301mo-queda-cada-categori\u0301a_.pdf\" target=\"_blank\" rel=\"noreferrer noopener\">LISTADO COMPLETO<\/a><\/strong><\/p>\n\n\n\n<p><\/p>\n","protected":false},"excerpt":{"rendered":"<p>El ente recaudador oficializ\u00f3 la actualizaci\u00f3n de los valores con un incremento del 8.7% en relaci\u00f3n a lo que se abonaba en febrero. La\u00a0Administraci\u00f3n Federal de Ingresos P\u00fablicos (AFIP)\u00a0oficializ\u00f3 este martes los nuevos valores para los contribuyentes\u00a0aut\u00f3nomos\u00a0que rigen desde el mes de marzo,\u00a0con un incremento del 8.7% en relaci\u00f3n a los valores vigentes hasta febrero. &#8230; <a title=\"Aumento para aut\u00f3nomos\" class=\"read-more\" href=\"http:\/\/estudiovernengo.com\/estudio\/aumento-para-autonomos\/\" aria-label=\"M\u00e1s en Aumento para aut\u00f3nomos\">Leer m\u00e1s<\/a><\/p>\n","protected":false},"author":2,"featured_media":586,"comment_status":"open","ping_status":"open","sticky":false,"template":"","format":"standard","meta":{"generate_page_header":"","footnotes":""},"categories":[6],"tags":[95],"class_list":["post-584","post","type-post","status-publish","format-standard","has-post-thumbnail","hentry","category-noticias","tag-aumento-para-autonomos"],"_links":{"self":[{"href":"http:\/\/estudiovernengo.com\/estudio\/wp-json\/wp\/v2\/posts\/584","targetHints":{"allow":["GET"]}}],"collection":[{"href":"http:\/\/estudiovernengo.com\/estudio\/wp-json\/wp\/v2\/posts"}],"about":[{"href":"http:\/\/estudiovernengo.com\/estudio\/wp-json\/wp\/v2\/types\/post"}],"author":[{"embeddable":true,"href":"http:\/\/estudiovernengo.com\/estudio\/wp-json\/wp\/v2\/users\/2"}],"replies":[{"embeddable":true,"href":"http:\/\/estudiovernengo.com\/estudio\/wp-json\/wp\/v2\/comments?post=584"}],"version-history":[{"count":1,"href":"http:\/\/estudiovernengo.com\/estudio\/wp-json\/wp\/v2\/posts\/584\/revisions"}],"predecessor-version":[{"id":587,"href":"http:\/\/estudiovernengo.com\/estudio\/wp-json\/wp\/v2\/posts\/584\/revisions\/587"}],"wp:featuredmedia":[{"embeddable":true,"href":"http:\/\/estudiovernengo.com\/estudio\/wp-json\/wp\/v2\/media\/586"}],"wp:attachment":[{"href":"http:\/\/estudiovernengo.com\/estudio\/wp-json\/wp\/v2\/media?parent=584"}],"wp:term":[{"taxonomy":"category","embeddable":true,"href":"http:\/\/estudiovernengo.com\/estudio\/wp-json\/wp\/v2\/categories?post=584"},{"taxonomy":"post_tag","embeddable":true,"href":"http:\/\/estudiovernengo.com\/estudio\/wp-json\/wp\/v2\/tags?post=584"}],"curies":[{"name":"wp","href":"https:\/\/api.w.org\/{rel}","templated":true}]}}