{"id":566,"date":"2021-03-02T18:35:01","date_gmt":"2021-03-02T18:35:01","guid":{"rendered":"http:\/\/estudiovernengo.com\/estudio\/?p=566"},"modified":"2021-03-02T18:35:07","modified_gmt":"2021-03-02T18:35:07","slug":"curentena-se-extiende-el-distanciamiento-social-preventivo-y-obligatorio-dispo-desde-el-1-hasta-el-12-de-marzo-inclusive","status":"publish","type":"post","link":"http:\/\/estudiovernengo.com\/estudio\/curentena-se-extiende-el-distanciamiento-social-preventivo-y-obligatorio-dispo-desde-el-1-hasta-el-12-de-marzo-inclusive\/","title":{"rendered":"Curentena: se extiende el distanciamiento social, preventivo y obligatorio (dispo) desde el 1 hasta el 12 de marzo, inclusive"},"content":{"rendered":"\n<p>El Poder Ejecutivo extiende el distanciamiento social, preventivo y obligatorio (DISPO) a todo el pa\u00eds desde el 1 de marzo hasta el 12 de marzo de 2021, inclusive.<\/p>\n\n\n\n<p>Adem\u00e1s, contin\u00faa el pago de la \u00abcompensaci\u00f3n no remunerativa\u00bb para trabajadores mayores de 60 a\u00f1os, embarazadas y en grupos de riesgo.<\/p>\n\n\n\n<p>Asimismo, se confirma que podr\u00e1n reanudarse las clases presenciales y las actividades educativas no escolares presenciales de acuerdo a los par\u00e1metros de evaluaci\u00f3n, estratificaci\u00f3n y determinaci\u00f3n del nivel de riesgo epidemiol\u00f3gico. <\/p>\n\n\n\n<p>En todos los casos, se deber\u00e1 actuar de acuerdo a los protocolos debidamente aprobados por las autoridades correspondientes.<\/p>\n","protected":false},"excerpt":{"rendered":"<p>El Poder Ejecutivo extiende el distanciamiento social, preventivo y obligatorio (DISPO) a todo el pa\u00eds desde el 1 de marzo hasta el 12 de marzo de 2021, inclusive. Adem\u00e1s, contin\u00faa el pago de la \u00abcompensaci\u00f3n no remunerativa\u00bb para trabajadores mayores de 60 a\u00f1os, embarazadas y en grupos de riesgo. Asimismo, se confirma que podr\u00e1n reanudarse &#8230; <a title=\"Curentena: se extiende el distanciamiento social, preventivo y obligatorio (dispo) desde el 1 hasta el 12 de marzo, inclusive\" class=\"read-more\" href=\"http:\/\/estudiovernengo.com\/estudio\/curentena-se-extiende-el-distanciamiento-social-preventivo-y-obligatorio-dispo-desde-el-1-hasta-el-12-de-marzo-inclusive\/\" aria-label=\"M\u00e1s en Curentena: se extiende el distanciamiento social, preventivo y obligatorio (dispo) desde el 1 hasta el 12 de marzo, inclusive\">Leer m\u00e1s<\/a><\/p>\n","protected":false},"author":2,"featured_media":567,"comment_status":"open","ping_status":"open","sticky":false,"template":"","format":"standard","meta":{"generate_page_header":"","footnotes":""},"categories":[6],"tags":[92,93],"class_list":["post-566","post","type-post","status-publish","format-standard","has-post-thumbnail","hentry","category-noticias","tag-distanciamiento-social","tag-preventivo-y-obligatorio"],"_links":{"self":[{"href":"http:\/\/estudiovernengo.com\/estudio\/wp-json\/wp\/v2\/posts\/566","targetHints":{"allow":["GET"]}}],"collection":[{"href":"http:\/\/estudiovernengo.com\/estudio\/wp-json\/wp\/v2\/posts"}],"about":[{"href":"http:\/\/estudiovernengo.com\/estudio\/wp-json\/wp\/v2\/types\/post"}],"author":[{"embeddable":true,"href":"http:\/\/estudiovernengo.com\/estudio\/wp-json\/wp\/v2\/users\/2"}],"replies":[{"embeddable":true,"href":"http:\/\/estudiovernengo.com\/estudio\/wp-json\/wp\/v2\/comments?post=566"}],"version-history":[{"count":1,"href":"http:\/\/estudiovernengo.com\/estudio\/wp-json\/wp\/v2\/posts\/566\/revisions"}],"predecessor-version":[{"id":568,"href":"http:\/\/estudiovernengo.com\/estudio\/wp-json\/wp\/v2\/posts\/566\/revisions\/568"}],"wp:featuredmedia":[{"embeddable":true,"href":"http:\/\/estudiovernengo.com\/estudio\/wp-json\/wp\/v2\/media\/567"}],"wp:attachment":[{"href":"http:\/\/estudiovernengo.com\/estudio\/wp-json\/wp\/v2\/media?parent=566"}],"wp:term":[{"taxonomy":"category","embeddable":true,"href":"http:\/\/estudiovernengo.com\/estudio\/wp-json\/wp\/v2\/categories?post=566"},{"taxonomy":"post_tag","embeddable":true,"href":"http:\/\/estudiovernengo.com\/estudio\/wp-json\/wp\/v2\/tags?post=566"}],"curies":[{"name":"wp","href":"https:\/\/api.w.org\/{rel}","templated":true}]}}