{"id":537,"date":"2021-02-01T17:44:42","date_gmt":"2021-02-01T17:44:42","guid":{"rendered":"http:\/\/estudiovernengo.com\/estudio\/?p=537"},"modified":"2021-02-01T17:44:47","modified_gmt":"2021-02-01T17:44:47","slug":"prorrogaron-hasta-el-31-de-marzo-el-congelamiento-de-los-alquileres","status":"publish","type":"post","link":"http:\/\/estudiovernengo.com\/estudio\/prorrogaron-hasta-el-31-de-marzo-el-congelamiento-de-los-alquileres\/","title":{"rendered":"Prorrogaron hasta el 31 de marzo el congelamiento de los alquileres"},"content":{"rendered":"\n<p>El beneficio para los inquilinos que se encuentren ocupando una vivienda \u00fanica seguir\u00e1 vigente por otros dos meses.<\/p>\n\n\n\n<p>El Gobierno nacional prorrog\u00f3 este s\u00e1bado la declaraci\u00f3n de la Emergencia P\u00fablica\u00a0<strong>hasta el 31 de marzo de este a\u00f1o<\/strong>. As\u00ed,\u00a0<strong>extendi\u00f3\u00a0por ese lapso la\u00a0duraci\u00f3n de los contratos, la suspensi\u00f3n de los desalojos y el congelamiento<\/strong>\u00a0<strong>de<\/strong>\u00a0<strong>los precios de los\u00a0alquileres<\/strong>, en virtud de la pandemia por el coronavirus.<\/p>\n\n\n\n<p>Lo hizo a trav\u00e9s el\u00a0<strong>Decreto 66\/2021 publicado hoy en el Bolet\u00edn Oficial<\/strong>\u00a0bajo la firma del presidente\u00a0Alberto Fern\u00e1ndez, y los ministros que conforman el gabinete nacional.<br><br>De esta forma\u00a0<strong>continuar\u00e1 vigente por otros dos meses el beneficio para los inquilinos que se encuentren ocupando una vivienda \u00fanica.<\/strong><br><br>Asimismo,\u00a0<strong>la norma ampl\u00eda de seis a 12 el n\u00famero de cuotas que los inquilinos tienen para pagar deudas de locaci\u00f3n y promueve una instancia de mediaci\u00f3n para resolver los conflictos.<\/strong><br><br>Por otra parte, se estableci\u00f3\u00a0<strong>la pr\u00f3rroga de la vigencia de los contratos cuyo vencimiento opere antes del 31 de marzo de 2021.<\/strong><br><br>De este modo, no podr\u00e1n aplicarse intereses ni otras penalidades previstas en el contrato.<br><br><strong>La pr\u00f3rroga, es la tercera anunciada desde que sali\u00f3 la medida por primera vez,<\/strong>\u00a0el 11 de marzo de 2020.<\/p>\n\n\n\n<iframe class=\"scribd_iframe_embed\" title=\"Decreto 66\/2021\" src=\"https:\/\/www.scribd.com\/embeds\/492696909\/content?start_page=1&#038;view_mode=scroll&#038;access_key=key-RESVxjLcuB8mEgNTLisR\" data-auto-height=\"true\" data-aspect-ratio=\"0.7080062794348508\" scrolling=\"no\" width=\"100%\" height=\"600\" frameborder=\"0\"><\/iframe><p  style=\"   margin: 12px auto 6px auto;   font-family: Helvetica,Arial,Sans-serif;   font-style: normal;   font-variant: normal;   font-weight: normal;   font-size: 14px;   line-height: normal;   font-size-adjust: none;   font-stretch: normal;   -x-system-font: none;   display: block;\"   ><a title=\"View Decreto 66\/2021 on Scribd\" href=\"https:\/\/www.scribd.com\/document\/492688448\/Prorroga-del-congelamiento-de-alquileres#from_embed\"  style=\"text-decoration: underline;\">Decreto 66\/2021<\/a> by <a title=\"View Sol Narosky's profile on Scribd\" href=\"https:\/\/www.scribd.com\/user\/462358540\/Sol-Narosky#from_embed\"  style=\"text-decoration: underline;\">Sol Narosky<\/a><\/p>\n","protected":false},"excerpt":{"rendered":"<p>El beneficio para los inquilinos que se encuentren ocupando una vivienda \u00fanica seguir\u00e1 vigente por otros dos meses. El Gobierno nacional prorrog\u00f3 este s\u00e1bado la declaraci\u00f3n de la Emergencia P\u00fablica\u00a0hasta el 31 de marzo de este a\u00f1o. As\u00ed,\u00a0extendi\u00f3\u00a0por ese lapso la\u00a0duraci\u00f3n de los contratos, la suspensi\u00f3n de los desalojos y el congelamiento\u00a0de\u00a0los precios de los\u00a0alquileres, &#8230; <a title=\"Prorrogaron hasta el 31 de marzo el congelamiento de los alquileres\" class=\"read-more\" href=\"http:\/\/estudiovernengo.com\/estudio\/prorrogaron-hasta-el-31-de-marzo-el-congelamiento-de-los-alquileres\/\" aria-label=\"M\u00e1s en Prorrogaron hasta el 31 de marzo el congelamiento de los alquileres\">Leer m\u00e1s<\/a><\/p>\n","protected":false},"author":2,"featured_media":538,"comment_status":"open","ping_status":"open","sticky":false,"template":"","format":"standard","meta":{"generate_page_header":"","footnotes":""},"categories":[6],"tags":[51],"class_list":["post-537","post","type-post","status-publish","format-standard","has-post-thumbnail","hentry","category-noticias","tag-congelamiento-alquileres"],"_links":{"self":[{"href":"http:\/\/estudiovernengo.com\/estudio\/wp-json\/wp\/v2\/posts\/537","targetHints":{"allow":["GET"]}}],"collection":[{"href":"http:\/\/estudiovernengo.com\/estudio\/wp-json\/wp\/v2\/posts"}],"about":[{"href":"http:\/\/estudiovernengo.com\/estudio\/wp-json\/wp\/v2\/types\/post"}],"author":[{"embeddable":true,"href":"http:\/\/estudiovernengo.com\/estudio\/wp-json\/wp\/v2\/users\/2"}],"replies":[{"embeddable":true,"href":"http:\/\/estudiovernengo.com\/estudio\/wp-json\/wp\/v2\/comments?post=537"}],"version-history":[{"count":1,"href":"http:\/\/estudiovernengo.com\/estudio\/wp-json\/wp\/v2\/posts\/537\/revisions"}],"predecessor-version":[{"id":539,"href":"http:\/\/estudiovernengo.com\/estudio\/wp-json\/wp\/v2\/posts\/537\/revisions\/539"}],"wp:featuredmedia":[{"embeddable":true,"href":"http:\/\/estudiovernengo.com\/estudio\/wp-json\/wp\/v2\/media\/538"}],"wp:attachment":[{"href":"http:\/\/estudiovernengo.com\/estudio\/wp-json\/wp\/v2\/media?parent=537"}],"wp:term":[{"taxonomy":"category","embeddable":true,"href":"http:\/\/estudiovernengo.com\/estudio\/wp-json\/wp\/v2\/categories?post=537"},{"taxonomy":"post_tag","embeddable":true,"href":"http:\/\/estudiovernengo.com\/estudio\/wp-json\/wp\/v2\/tags?post=537"}],"curies":[{"name":"wp","href":"https:\/\/api.w.org\/{rel}","templated":true}]}}