{"id":532,"date":"2021-01-26T23:16:03","date_gmt":"2021-01-26T23:16:03","guid":{"rendered":"http:\/\/estudiovernengo.com\/estudio\/?p=532"},"modified":"2021-01-26T23:16:18","modified_gmt":"2021-01-26T23:16:18","slug":"se-prorrogan-la-doble-indemnizacion-por-despido-sin-causa-por-90-dias-y-la-prohibicion-de-despidos-hasta-el-31-12-2021","status":"publish","type":"post","link":"http:\/\/estudiovernengo.com\/estudio\/se-prorrogan-la-doble-indemnizacion-por-despido-sin-causa-por-90-dias-y-la-prohibicion-de-despidos-hasta-el-31-12-2021\/","title":{"rendered":"Se prorrogan la doble indemnizaci\u00f3n por despido sin causa por 90 d\u00edas y la prohibici\u00f3n de despidos hasta el 31\/12\/2021"},"content":{"rendered":"\n<p>Se prorroga la prohibici\u00f3n de efectuar despidos sin justa causa y por las causales de falta o disminuci\u00f3n de trabajo y fuerza mayor por el plazo de 90 d\u00edas.<\/p>\n\n\n\n<p>Asimismo, se extiende la doble indemnizaci\u00f3n hasta el 31 de diciembre de 2021, y a los efectos de establecer el c\u00e1lculo de la indemnizaci\u00f3n definitiva, el monto correspondiente a la duplicaci\u00f3n no podr\u00e1 exceder, en ning\u00fan caso, la suma de $ 500.000.<\/p>\n\n\n\n<p>La medida incluye la prohibici\u00f3n de efectuar suspensiones con las mismas causales, quedando exceptuadas aquellas que se efect\u00faen en los t\u00e9rminos del art\u00edculo 223 bis de la ley de contrato de trabajo.<\/p>\n\n\n\n<p>Los despidos y las suspensiones que se dispongan en violaci\u00f3n a la medida no producir\u00e1n efecto alguno, manteni\u00e9ndose vigentes las relaciones laborales existentes y sus condiciones actuales.<\/p>\n\n\n\n<p>Adem\u00e1s, se ratifica que el coronavirus ser\u00e1 considerado como enfermedad profesional.\u00a0\u00a0 DECRETO (Poder Ejecutivo) 39\/2021 BO: 23\/01\/2021<\/p>\n","protected":false},"excerpt":{"rendered":"<p>Se prorroga la prohibici\u00f3n de efectuar despidos sin justa causa y por las causales de falta o disminuci\u00f3n de trabajo y fuerza mayor por el plazo de 90 d\u00edas. Asimismo, se extiende la doble indemnizaci\u00f3n hasta el 31 de diciembre de 2021, y a los efectos de establecer el c\u00e1lculo de la indemnizaci\u00f3n definitiva, el &#8230; <a title=\"Se prorrogan la doble indemnizaci\u00f3n por despido sin causa por 90 d\u00edas y la prohibici\u00f3n de despidos hasta el 31\/12\/2021\" class=\"read-more\" href=\"http:\/\/estudiovernengo.com\/estudio\/se-prorrogan-la-doble-indemnizacion-por-despido-sin-causa-por-90-dias-y-la-prohibicion-de-despidos-hasta-el-31-12-2021\/\" aria-label=\"M\u00e1s en Se prorrogan la doble indemnizaci\u00f3n por despido sin causa por 90 d\u00edas y la prohibici\u00f3n de despidos hasta el 31\/12\/2021\">Leer m\u00e1s<\/a><\/p>\n","protected":false},"author":2,"featured_media":533,"comment_status":"open","ping_status":"open","sticky":false,"template":"","format":"standard","meta":{"generate_page_header":"","footnotes":""},"categories":[6],"tags":[68],"class_list":["post-532","post","type-post","status-publish","format-standard","has-post-thumbnail","hentry","category-noticias","tag-doble-indemnizacion"],"_links":{"self":[{"href":"http:\/\/estudiovernengo.com\/estudio\/wp-json\/wp\/v2\/posts\/532","targetHints":{"allow":["GET"]}}],"collection":[{"href":"http:\/\/estudiovernengo.com\/estudio\/wp-json\/wp\/v2\/posts"}],"about":[{"href":"http:\/\/estudiovernengo.com\/estudio\/wp-json\/wp\/v2\/types\/post"}],"author":[{"embeddable":true,"href":"http:\/\/estudiovernengo.com\/estudio\/wp-json\/wp\/v2\/users\/2"}],"replies":[{"embeddable":true,"href":"http:\/\/estudiovernengo.com\/estudio\/wp-json\/wp\/v2\/comments?post=532"}],"version-history":[{"count":1,"href":"http:\/\/estudiovernengo.com\/estudio\/wp-json\/wp\/v2\/posts\/532\/revisions"}],"predecessor-version":[{"id":534,"href":"http:\/\/estudiovernengo.com\/estudio\/wp-json\/wp\/v2\/posts\/532\/revisions\/534"}],"wp:featuredmedia":[{"embeddable":true,"href":"http:\/\/estudiovernengo.com\/estudio\/wp-json\/wp\/v2\/media\/533"}],"wp:attachment":[{"href":"http:\/\/estudiovernengo.com\/estudio\/wp-json\/wp\/v2\/media?parent=532"}],"wp:term":[{"taxonomy":"category","embeddable":true,"href":"http:\/\/estudiovernengo.com\/estudio\/wp-json\/wp\/v2\/categories?post=532"},{"taxonomy":"post_tag","embeddable":true,"href":"http:\/\/estudiovernengo.com\/estudio\/wp-json\/wp\/v2\/tags?post=532"}],"curies":[{"name":"wp","href":"https:\/\/api.w.org\/{rel}","templated":true}]}}