{"id":505,"date":"2020-12-28T18:13:47","date_gmt":"2020-12-28T18:13:47","guid":{"rendered":"http:\/\/estudiovernengo.com\/estudio\/?p=505"},"modified":"2020-12-28T18:13:50","modified_gmt":"2020-12-28T18:13:50","slug":"implementacion-del-codigo-qr-en-las-facturas-electronicas","status":"publish","type":"post","link":"http:\/\/estudiovernengo.com\/estudio\/implementacion-del-codigo-qr-en-las-facturas-electronicas\/","title":{"rendered":"Implementaci\u00f3n del c\u00f3digo qr en las facturas electr\u00f3nicas"},"content":{"rendered":"\n<p>Se establece la obligaci\u00f3n de incorporar en los comprobantes electr\u00f3nicos que se emitan la identificaci\u00f3n de un c\u00f3digo de respuesta r\u00e1pida \u00abQR\u00bb.<\/p>\n\n\n\n<p>Se aclara que el c\u00f3digo \u201cQR\u201d no deber\u00e1 obstaculizar la visualizaci\u00f3n de los datos obligatorios de los comprobantes, los cuales deber\u00e1n seguir apareciendo en los mismos.<\/p>\n\n\n\n<p>Por \u00faltimo, se\u00f1alamos que las presentes disposiciones resultan de aplicaci\u00f3n a partir del 24\/12\/2020, excepto que se trate de sujetos que tramiten la autorizaci\u00f3n de emisi\u00f3n de comprobantes electr\u00f3nicos mediante el intercambio de informaci\u00f3n basado en el \u201cWebService\u201d.<\/p>\n\n\n\n<p>Para estos casos se dispuso un cronograma de aplicaci\u00f3n que se extender\u00e1 desde el 1\/3\/2021 hasta el 1\/6\/2021, seg\u00fan el sujeto de que se trate y el volumen de operaciones realizadas durante el a\u00f1o 2020.<\/p>\n","protected":false},"excerpt":{"rendered":"<p>Se establece la obligaci\u00f3n de incorporar en los comprobantes electr\u00f3nicos que se emitan la identificaci\u00f3n de un c\u00f3digo de respuesta r\u00e1pida \u00abQR\u00bb. Se aclara que el c\u00f3digo \u201cQR\u201d no deber\u00e1 obstaculizar la visualizaci\u00f3n de los datos obligatorios de los comprobantes, los cuales deber\u00e1n seguir apareciendo en los mismos. Por \u00faltimo, se\u00f1alamos que las presentes disposiciones &#8230; <a title=\"Implementaci\u00f3n del c\u00f3digo qr en las facturas electr\u00f3nicas\" class=\"read-more\" href=\"http:\/\/estudiovernengo.com\/estudio\/implementacion-del-codigo-qr-en-las-facturas-electronicas\/\" aria-label=\"M\u00e1s en Implementaci\u00f3n del c\u00f3digo qr en las facturas electr\u00f3nicas\">Leer m\u00e1s<\/a><\/p>\n","protected":false},"author":2,"featured_media":507,"comment_status":"open","ping_status":"open","sticky":false,"template":"","format":"standard","meta":{"generate_page_header":"","footnotes":""},"categories":[6],"tags":[80],"class_list":["post-505","post","type-post","status-publish","format-standard","has-post-thumbnail","hentry","category-noticias","tag-codigo-qr"],"_links":{"self":[{"href":"http:\/\/estudiovernengo.com\/estudio\/wp-json\/wp\/v2\/posts\/505","targetHints":{"allow":["GET"]}}],"collection":[{"href":"http:\/\/estudiovernengo.com\/estudio\/wp-json\/wp\/v2\/posts"}],"about":[{"href":"http:\/\/estudiovernengo.com\/estudio\/wp-json\/wp\/v2\/types\/post"}],"author":[{"embeddable":true,"href":"http:\/\/estudiovernengo.com\/estudio\/wp-json\/wp\/v2\/users\/2"}],"replies":[{"embeddable":true,"href":"http:\/\/estudiovernengo.com\/estudio\/wp-json\/wp\/v2\/comments?post=505"}],"version-history":[{"count":1,"href":"http:\/\/estudiovernengo.com\/estudio\/wp-json\/wp\/v2\/posts\/505\/revisions"}],"predecessor-version":[{"id":508,"href":"http:\/\/estudiovernengo.com\/estudio\/wp-json\/wp\/v2\/posts\/505\/revisions\/508"}],"wp:featuredmedia":[{"embeddable":true,"href":"http:\/\/estudiovernengo.com\/estudio\/wp-json\/wp\/v2\/media\/507"}],"wp:attachment":[{"href":"http:\/\/estudiovernengo.com\/estudio\/wp-json\/wp\/v2\/media?parent=505"}],"wp:term":[{"taxonomy":"category","embeddable":true,"href":"http:\/\/estudiovernengo.com\/estudio\/wp-json\/wp\/v2\/categories?post=505"},{"taxonomy":"post_tag","embeddable":true,"href":"http:\/\/estudiovernengo.com\/estudio\/wp-json\/wp\/v2\/tags?post=505"}],"curies":[{"name":"wp","href":"https:\/\/api.w.org\/{rel}","templated":true}]}}