{"id":488,"date":"2020-12-15T00:04:45","date_gmt":"2020-12-15T00:04:45","guid":{"rendered":"http:\/\/estudiovernengo.com\/estudio\/?p=488"},"modified":"2020-12-15T00:04:48","modified_gmt":"2020-12-15T00:04:48","slug":"el-senado-transformo-en-ley-el-impuesto-a-la-riqueza","status":"publish","type":"post","link":"http:\/\/estudiovernengo.com\/estudio\/el-senado-transformo-en-ley-el-impuesto-a-la-riqueza\/","title":{"rendered":"El Senado transform\u00f3 en ley el impuesto a la riqueza"},"content":{"rendered":"\n<p>La C\u00e1mara aprob\u00f3 con 42 votos la iniciativa. Se opusieron los 26 senadores de la oposici\u00f3n. Prev\u00e9n que la\u00a0ley, que afecta a los patrimonios que superen los $ 200 millones, se termine judicializando.<\/p>\n\n\n\n<p>Tras casi ocho horas de sesi\u00f3n, el Senado\u00a0<strong>convirti\u00f3 esta noche en ley el pol\u00e9mico\u00a0impuesto a las grandes fortunas.\u00a0<\/strong><\/p>\n\n\n\n<p>E<strong>l aporte solidario y extraordinario que busca morigerar los efectos de la pandemia de\u00a0Covid-19<\/strong>\u00a0y\u00a0que alcanza a personas f\u00edsicas que posean una riqueza declarada superior a los $ 200 millones, fue aprobado por la c\u00e1mara que preside\u00a0<strong>Cristina Kirchner<\/strong>\u00a0con el voto favorable de 42 senadores. Se opusieron, en cambio, los 26 de la oposici\u00f3n.<\/p>\n\n\n\n<p>El proyecto que fue gestado por el l\u00edder de la bancada oficialista en Diputados, M\u00e1ximo Kirchner, y el banquero y tambi\u00e9n legislador Carlos Heller, le permitir\u00e1&nbsp;<strong>al Gobierno recaudar cerca de $ 307.000 millones<\/strong>.<\/p>\n\n\n\n<p>La iniciativa fue duramente cuestionada por lo senadores opositores que anticiparon que la cuesti\u00f3n se terminar\u00e1 judicializando.<\/p>\n\n\n\n<p>\u00abEl proyecto tiene severas inconsistencias desde el punto de vista legal y constitucional. La \u00fanica manera de aspirar al desarrollo que queremos es a trav\u00e9s de la inversi\u00f3n, para eso&nbsp;<strong>hay que diagramar un sistema impositivo que la aliente, no que la desaliente<\/strong>\u00ab, advirti\u00f3&nbsp;Humberto Schiavoni.<\/p>\n\n\n\n<p>Por su parte,&nbsp;Silvia El\u00edas de P\u00e9rez&nbsp;a\u00f1adi\u00f3: \u00abEs un proyecto que tiene un mont\u00f3n de fallas, que lo \u00fanico que va a hacer es aumentar el nivel de litigiosidad\u00bb.<\/p>\n\n\n\n<p>En tanto, el senador por la Ciudad de Buenos Aires,&nbsp;Mart\u00edn Lousteau, lament\u00f3: \u00abSi es para atender la emergencia de la pandemia llegamos tarde, vamos a empezar a vacunar\u00bb.<\/p>\n\n\n\n<p>En defensa de la iniciativa,&nbsp;Mar\u00eda de los Angeles Sacnun&nbsp;plante\u00f3: \u00abSi queremos hacer efectivos los derechos econ\u00f3micos, sociales, medioambientales y culturales necesitamos un Estado que sea capaz de recaudar, pedimos un aporte excepcional que creemos cumple con los requisitos de solidaridad y de justicia tributaria\u201d.<\/p>\n\n\n\n<h3 class=\"wp-block-heading\"><strong>El impuesto de los $ 300 millones<\/strong><\/h3>\n\n\n\n<p>La flamante ley\u00a0<strong>alcanzar\u00eda a unos 11.855 contribuyentes, seg\u00fan estim\u00f3 la titular de la\u00a0AFIP, Mercedes Marc\u00f3 del Pont.<\/strong><\/p>\n\n\n\n<p>Los&nbsp;m\u00e1s de $ 300.000 millones recaudados<strong>&nbsp;tendr\u00e1n cinco destinos espec\u00edficos<\/strong>:<\/p>\n\n\n\n<ul class=\"wp-block-list\"><li>Compra de equipamiento de salud para atender la\u00a0<strong>pandemia<\/strong>\u00a0(20%);<\/li><li>Apoyo a las\u00a0<strong>pymes<\/strong>\u00a0con subsidios y cr\u00e9ditos (20%);<\/li><li>Urbanizar los barrios populares con obras que empleen a vecinos de cada barrio (15%);<\/li><li>Obras y equipamiento a\u00a0<strong>YPF<\/strong>\u00a0para producir y envasar GAS Natural (25%)<\/li><li>Financiamiento del plan Progresar para que los j\u00f3venes puedan seguir estudiando (20%).<\/li><\/ul>\n\n\n\n<p>La ley&nbsp;contempla, por otra parte,&nbsp;que las personas humanas que tengan bienes declarados en el exterior deber\u00e1n pagar un diferencial del 50% en cada escala.&nbsp;<\/p>\n\n\n\n<p>En tanto, si estas personas deciden repatriar el 30% de sus tenencias financieras en el exterior, quedar\u00e1n exceptuados de ese diferencial y ser\u00e1n igualados con el resto de los aportantes.<\/p>\n\n\n\n<p>El plazo de pago es de un a\u00f1o, y los alcanzados por el texto tienen la posibilidad de optar por invertir en diferentes rubros, como la&nbsp;<strong>construcci\u00f3n, la mejora o adquisici\u00f3n de bienes inmuebles, la suscripci\u00f3n de t\u00edtulos de deuda, entre otros.<\/strong><\/p>\n","protected":false},"excerpt":{"rendered":"<p>La C\u00e1mara aprob\u00f3 con 42 votos la iniciativa. Se opusieron los 26 senadores de la oposici\u00f3n. Prev\u00e9n que la\u00a0ley, que afecta a los patrimonios que superen los $ 200 millones, se termine judicializando. Tras casi ocho horas de sesi\u00f3n, el Senado\u00a0convirti\u00f3 esta noche en ley el pol\u00e9mico\u00a0impuesto a las grandes fortunas.\u00a0 El aporte solidario y &#8230; <a title=\"El Senado transform\u00f3 en ley el impuesto a la riqueza\" class=\"read-more\" href=\"http:\/\/estudiovernengo.com\/estudio\/el-senado-transformo-en-ley-el-impuesto-a-la-riqueza\/\" aria-label=\"M\u00e1s en El Senado transform\u00f3 en ley el impuesto a la riqueza\">Leer m\u00e1s<\/a><\/p>\n","protected":false},"author":2,"featured_media":489,"comment_status":"open","ping_status":"open","sticky":false,"template":"","format":"standard","meta":{"generate_page_header":"","footnotes":""},"categories":[6],"tags":[73,75,74],"class_list":["post-488","post","type-post","status-publish","format-standard","has-post-thumbnail","hentry","category-noticias","tag-impuesto-a-la-riqueza","tag-ley","tag-senado"],"_links":{"self":[{"href":"http:\/\/estudiovernengo.com\/estudio\/wp-json\/wp\/v2\/posts\/488","targetHints":{"allow":["GET"]}}],"collection":[{"href":"http:\/\/estudiovernengo.com\/estudio\/wp-json\/wp\/v2\/posts"}],"about":[{"href":"http:\/\/estudiovernengo.com\/estudio\/wp-json\/wp\/v2\/types\/post"}],"author":[{"embeddable":true,"href":"http:\/\/estudiovernengo.com\/estudio\/wp-json\/wp\/v2\/users\/2"}],"replies":[{"embeddable":true,"href":"http:\/\/estudiovernengo.com\/estudio\/wp-json\/wp\/v2\/comments?post=488"}],"version-history":[{"count":1,"href":"http:\/\/estudiovernengo.com\/estudio\/wp-json\/wp\/v2\/posts\/488\/revisions"}],"predecessor-version":[{"id":490,"href":"http:\/\/estudiovernengo.com\/estudio\/wp-json\/wp\/v2\/posts\/488\/revisions\/490"}],"wp:featuredmedia":[{"embeddable":true,"href":"http:\/\/estudiovernengo.com\/estudio\/wp-json\/wp\/v2\/media\/489"}],"wp:attachment":[{"href":"http:\/\/estudiovernengo.com\/estudio\/wp-json\/wp\/v2\/media?parent=488"}],"wp:term":[{"taxonomy":"category","embeddable":true,"href":"http:\/\/estudiovernengo.com\/estudio\/wp-json\/wp\/v2\/categories?post=488"},{"taxonomy":"post_tag","embeddable":true,"href":"http:\/\/estudiovernengo.com\/estudio\/wp-json\/wp\/v2\/tags?post=488"}],"curies":[{"name":"wp","href":"https:\/\/api.w.org\/{rel}","templated":true}]}}