{"id":452,"date":"2020-11-09T13:26:27","date_gmt":"2020-11-09T13:26:27","guid":{"rendered":"http:\/\/estudiovernengo.com\/estudio\/?p=452"},"modified":"2020-11-09T13:26:37","modified_gmt":"2020-11-09T13:26:37","slug":"prorroga-de-cargas-sociales","status":"publish","type":"post","link":"http:\/\/estudiovernengo.com\/estudio\/prorroga-de-cargas-sociales\/","title":{"rendered":"Pr\u00f3rroga de Cargas Sociales"},"content":{"rendered":"\n<p>Por medio de la RG (AFIP) 4854, publicada en el Bolet\u00edn Oficial del d\u00eda de la fecha, se reglamentan los beneficios de reducci\u00f3n y postergaci\u00f3n de las contribuciones al SIPA devengadas en el mes de octubre.<\/p>\n\n\n\n<p>Asimismo, prorroga el vencimiento general de presentaci\u00f3n y pago de la declaraci\u00f3n jurada determinativa de aportes y contribuciones con destino a la seguridad social correspondiente al per\u00edodo devengado octubre, conforme al siguiente cronograma seg\u00fan la CUIT del responsable:<\/p>\n\n\n\n<p>0, 1, 2 y 3: d\u00eda 12\/11\/2020<br>4, 5 y 6: d\u00eda 13\/11\/2020<br>7, 8 y 9: d\u00eda 16\/11\/2020<\/p>\n\n\n\n<p>Mientras que los empleadores alcanzados por el beneficio de la postergaci\u00f3n del vencimiento para el pago de las contribuciones patronales al SIPA del per\u00edodo devengado octubre de 2020 deber\u00e1n realizar el mismo hasta las fechas que, seg\u00fan la terminaci\u00f3n de la CUIT del contribuyente, se detallan a continuaci\u00f3n:<\/p>\n\n\n\n<p>0, 1, 2 y 3: d\u00eda 13\/1\/2021<br>4, 5 y 6: d\u00eda 14\/1\/2021<br>7, 8 y 9: d\u00eda 15\/1\/2021<\/p>\n","protected":false},"excerpt":{"rendered":"<p>Por medio de la RG (AFIP) 4854, publicada en el Bolet\u00edn Oficial del d\u00eda de la fecha, se reglamentan los beneficios de reducci\u00f3n y postergaci\u00f3n de las contribuciones al SIPA devengadas en el mes de octubre. Asimismo, prorroga el vencimiento general de presentaci\u00f3n y pago de la declaraci\u00f3n jurada determinativa de aportes y contribuciones con &#8230; <a title=\"Pr\u00f3rroga de Cargas Sociales\" class=\"read-more\" href=\"http:\/\/estudiovernengo.com\/estudio\/prorroga-de-cargas-sociales\/\" aria-label=\"M\u00e1s en Pr\u00f3rroga de Cargas Sociales\">Leer m\u00e1s<\/a><\/p>\n","protected":false},"author":2,"featured_media":453,"comment_status":"open","ping_status":"open","sticky":false,"template":"","format":"standard","meta":{"generate_page_header":"","footnotes":""},"categories":[6],"tags":[19],"class_list":["post-452","post","type-post","status-publish","format-standard","has-post-thumbnail","hentry","category-noticias","tag-prorroga"],"_links":{"self":[{"href":"http:\/\/estudiovernengo.com\/estudio\/wp-json\/wp\/v2\/posts\/452","targetHints":{"allow":["GET"]}}],"collection":[{"href":"http:\/\/estudiovernengo.com\/estudio\/wp-json\/wp\/v2\/posts"}],"about":[{"href":"http:\/\/estudiovernengo.com\/estudio\/wp-json\/wp\/v2\/types\/post"}],"author":[{"embeddable":true,"href":"http:\/\/estudiovernengo.com\/estudio\/wp-json\/wp\/v2\/users\/2"}],"replies":[{"embeddable":true,"href":"http:\/\/estudiovernengo.com\/estudio\/wp-json\/wp\/v2\/comments?post=452"}],"version-history":[{"count":1,"href":"http:\/\/estudiovernengo.com\/estudio\/wp-json\/wp\/v2\/posts\/452\/revisions"}],"predecessor-version":[{"id":454,"href":"http:\/\/estudiovernengo.com\/estudio\/wp-json\/wp\/v2\/posts\/452\/revisions\/454"}],"wp:featuredmedia":[{"embeddable":true,"href":"http:\/\/estudiovernengo.com\/estudio\/wp-json\/wp\/v2\/media\/453"}],"wp:attachment":[{"href":"http:\/\/estudiovernengo.com\/estudio\/wp-json\/wp\/v2\/media?parent=452"}],"wp:term":[{"taxonomy":"category","embeddable":true,"href":"http:\/\/estudiovernengo.com\/estudio\/wp-json\/wp\/v2\/categories?post=452"},{"taxonomy":"post_tag","embeddable":true,"href":"http:\/\/estudiovernengo.com\/estudio\/wp-json\/wp\/v2\/tags?post=452"}],"curies":[{"name":"wp","href":"https:\/\/api.w.org\/{rel}","templated":true}]}}