{"id":444,"date":"2020-11-02T21:16:41","date_gmt":"2020-11-02T21:16:41","guid":{"rendered":"http:\/\/estudiovernengo.com\/estudio\/?p=444"},"modified":"2020-11-02T21:16:50","modified_gmt":"2020-11-02T21:16:50","slug":"se-extiende-hasta-el-30-de-noviembre-el-plazo-de-adhesion-a-la-moratoria","status":"publish","type":"post","link":"http:\/\/estudiovernengo.com\/estudio\/se-extiende-hasta-el-30-de-noviembre-el-plazo-de-adhesion-a-la-moratoria\/","title":{"rendered":"Se extiende hasta el 30 de noviembre el plazo de adhesi\u00f3n a la moratoria"},"content":{"rendered":"\n<p><strong>El\u00a0Gobierno\u00a0extender\u00e1 hasta el 30 de noviembre el plazo de adhesi\u00f3n a la amplia\u00a0moratoria\u00a0que venc\u00eda originalmente el pr\u00f3ximo 31 de octubre<\/strong>, para darles m\u00e1s tiempo a los\u00a0contribuyentes\u00a0para ingresar al plan de facilidades pensado para contribuir a amortiguar los efectos de la pandemia, tanto en las empresas como en las personas, y relanzar la econom\u00eda de la pospandemia. <\/p>\n\n\n\n<p>Seg\u00fan explicaron fuentes oficiales a \u00c1mbito,\u00a0<strong>\u201cla extensi\u00f3n de los plazos que saldr\u00e1 publicado en el Bolet\u00edn Oficial en los pr\u00f3ximos d\u00edas busca facilitar la adhesi\u00f3n al r\u00e9gimen\u201d.<\/strong>\u00a0Aunque aclararon que\u00a0<strong>sin importar en qu\u00e9 fecha se adhieran las empresas, la primera cuota vencer\u00e1 el 16 de diciembre.<\/strong><\/p>\n\n\n\n<p>En ese sentido, desde que se habilit\u00f3 a mediados de septiembre la adhesi\u00f3n a la ampliaci\u00f3n de la moratoria se generaron m\u00e1s de 320 mil planes. Hasta el momento,&nbsp;<strong>los contribuyentes que ingresaron al plan regularizaron deudas por un monto superior a los $200 mil millones, en concepto de obligaciones vencidas con la Administraci\u00f3n Federal de Ingresos P\u00fablicos (<a href=\"https:\/\/www.ambito.com\/afip-a5122626\">AFIP<\/a>) de car\u00e1cter tributarias, aduaneras y previsionales.<\/strong><\/p>\n\n\n\n<p>En concreto, la ampliaci\u00f3n de la moratoria extiende el universo de contribuyentes beneficiados, pero tambi\u00e9n contempla la posibilidad de regularizar deudas con la AFIP generadas durante la pandemia del Covid-19. Es por eso que&nbsp;<strong>permite la inclusi\u00f3n de obligaciones impositivas, previsionales y aduaneras vencidas hasta el 31 de julio.<\/strong><\/p>\n\n\n\n<p>De esta forma, el Gobierno atiende el reclamo de los contadores quienes ven\u00edan solicitando la extensi\u00f3n de los plazos para poder cumplir con los requerimientos administrativos. La pr\u00f3rroga del plazo de adhesi\u00f3n apunta a garantizar que los contribuyentes&nbsp;<strong>\u201cpuedan realizar los diversos tr\u00e1mites y gestiones que posibiliten su acogimiento al r\u00e9gimen de regularizaci\u00f3n de deudas\u201d.<\/strong><\/p>\n\n\n\n<p>Hay que recordar que la moratoria 2020 forma parte de la bater\u00eda de herramientas lanzadas por el Gobierno para ofrecer alivio a las familias, comercios, profesionales, pymes, grandes empresas, monotributistas y entidades sin fines de lucro.&nbsp;<strong>Cuando estall\u00f3 la pandemia y se fren\u00f3 la econom\u00eda, los contribuyentes comenzaron a tener problemas para cumplir con las obligaciones tributarias.<\/strong><\/p>\n\n\n\n<p>En ese contexto, con el visto bueno de la Casa Rosada,&nbsp;<strong>el Congreso aprob\u00f3 una ley que ampl\u00eda el alcance de la moratoria lanzada a fines de 2019 por la Ley de Solidaridad Social y Reactivaci\u00f3n Productiva para incluir aquellos contribuyentes, tanto personas humanas como jur\u00eddicas, que originalmente no hab\u00edan sido contemplados.<\/strong><\/p>\n\n\n\n<p>Oportunamente, la titular de la AFIP, Mercedes Marc\u00f3 del Pont, explic\u00f3 que&nbsp;<strong>\u201cel objetivo de la ampliaci\u00f3n de la moratoria es aliviar la situaci\u00f3n de los contribuyentes. Es una herramienta m\u00e1s del Estado para amortiguar el da\u00f1o, sostener los puestos de trabajo y encarar el proceso de recuperaci\u00f3n despu\u00e9s de la crisis a la que condujo el gobierno anterior y que profundiz\u00f3 la pandemia\u201d.<\/strong><\/p>\n\n\n\n<h3 class=\"wp-block-heading\">Principales caracter\u00edsticas de la ampliaci\u00f3n de la Moratoria 2020<\/h3>\n\n\n\n<ul class=\"wp-block-list\"><li>&nbsp;Permitir\u00e1 incluir deudas vencidas hasta el 31 de julio de 2020.<\/li><li>Primera cuota vence el 16 de diciembre.<\/li><li>Dependiendo del tama\u00f1o de las empresas e individuos que se adhieran pueden regularizar sus deudas en hasta 96 o 120 cuotas para las obligaciones tributarias y aduaneras. Los plazos son de hasta 48 o 60 cuotas para las obligaciones correspondientes a los recursos de la seguridad social.<\/li><li>Condonaci\u00f3n parcial de intereses y total de multas.<\/li><li>Tasa de inter\u00e9s fija del 2% mensual hasta mayo de 2021. A partir del mes siguiente se aplicar\u00e1 una tasa variable en pesos.<\/li><li>Condiciones para las empresas de mayor tama\u00f1o. Durante 24 meses no podr\u00e1n distribuir dividendos, realizar operaciones con t\u00edtulos para eludir la normativa cambiaria ni acceder al mercado cambiario para realizar pagos a entidades vinculadas.<\/li><li>Establece para un grupo de contribuyentes la obligaci\u00f3n de repatriaci\u00f3n de activos financieros situados en el exterior en un pazo de 60 d\u00edas desde que se formaliza la adhesi\u00f3n.<\/li><\/ul>\n","protected":false},"excerpt":{"rendered":"<p>El\u00a0Gobierno\u00a0extender\u00e1 hasta el 30 de noviembre el plazo de adhesi\u00f3n a la amplia\u00a0moratoria\u00a0que venc\u00eda originalmente el pr\u00f3ximo 31 de octubre, para darles m\u00e1s tiempo a los\u00a0contribuyentes\u00a0para ingresar al plan de facilidades pensado para contribuir a amortiguar los efectos de la pandemia, tanto en las empresas como en las personas, y relanzar la econom\u00eda de la &#8230; <a title=\"Se extiende hasta el 30 de noviembre el plazo de adhesi\u00f3n a la moratoria\" class=\"read-more\" href=\"http:\/\/estudiovernengo.com\/estudio\/se-extiende-hasta-el-30-de-noviembre-el-plazo-de-adhesion-a-la-moratoria\/\" aria-label=\"M\u00e1s en Se extiende hasta el 30 de noviembre el plazo de adhesi\u00f3n a la moratoria\">Leer m\u00e1s<\/a><\/p>\n","protected":false},"author":2,"featured_media":445,"comment_status":"open","ping_status":"open","sticky":false,"template":"","format":"standard","meta":{"generate_page_header":"","footnotes":""},"categories":[6],"tags":[58,11],"class_list":["post-444","post","type-post","status-publish","format-standard","has-post-thumbnail","hentry","category-noticias","tag-extension","tag-moratoria"],"_links":{"self":[{"href":"http:\/\/estudiovernengo.com\/estudio\/wp-json\/wp\/v2\/posts\/444","targetHints":{"allow":["GET"]}}],"collection":[{"href":"http:\/\/estudiovernengo.com\/estudio\/wp-json\/wp\/v2\/posts"}],"about":[{"href":"http:\/\/estudiovernengo.com\/estudio\/wp-json\/wp\/v2\/types\/post"}],"author":[{"embeddable":true,"href":"http:\/\/estudiovernengo.com\/estudio\/wp-json\/wp\/v2\/users\/2"}],"replies":[{"embeddable":true,"href":"http:\/\/estudiovernengo.com\/estudio\/wp-json\/wp\/v2\/comments?post=444"}],"version-history":[{"count":2,"href":"http:\/\/estudiovernengo.com\/estudio\/wp-json\/wp\/v2\/posts\/444\/revisions"}],"predecessor-version":[{"id":447,"href":"http:\/\/estudiovernengo.com\/estudio\/wp-json\/wp\/v2\/posts\/444\/revisions\/447"}],"wp:featuredmedia":[{"embeddable":true,"href":"http:\/\/estudiovernengo.com\/estudio\/wp-json\/wp\/v2\/media\/445"}],"wp:attachment":[{"href":"http:\/\/estudiovernengo.com\/estudio\/wp-json\/wp\/v2\/media?parent=444"}],"wp:term":[{"taxonomy":"category","embeddable":true,"href":"http:\/\/estudiovernengo.com\/estudio\/wp-json\/wp\/v2\/categories?post=444"},{"taxonomy":"post_tag","embeddable":true,"href":"http:\/\/estudiovernengo.com\/estudio\/wp-json\/wp\/v2\/tags?post=444"}],"curies":[{"name":"wp","href":"https:\/\/api.w.org\/{rel}","templated":true}]}}