{"id":437,"date":"2020-10-27T14:22:07","date_gmt":"2020-10-27T14:22:07","guid":{"rendered":"http:\/\/estudiovernengo.com\/estudio\/?p=437"},"modified":"2020-10-27T14:22:10","modified_gmt":"2020-10-27T14:22:10","slug":"la-afip-prorrogo-la-feria-fiscal","status":"publish","type":"post","link":"http:\/\/estudiovernengo.com\/estudio\/la-afip-prorrogo-la-feria-fiscal\/","title":{"rendered":"La AFIP prorrog\u00f3 la Feria Fiscal"},"content":{"rendered":"\n<p>La Administraci\u00f3n Federal de Ingresos P\u00fablicos (<strong>AFIP<\/strong>) prorrog\u00f3 la feria fiscal hasta el 8 de noviembre pr\u00f3ximo, a trav\u00e9s de la resoluci\u00f3n general 4840\/2020.<\/p>\n\n\n\n<p>La misma precis\u00f3 que durante la vigencia de las medidas de aislamiento y distanciamiento social, preventivo y obligatorio se mantendr\u00e1 la suspensi\u00f3n del c\u00f3mputo de los plazos vigentes para los contribuyentes en distintos procedimientos administrativos.<\/p>\n\n\n\n<p>La medida alcanza a determinaciones de oficio, sumarios, multas, descargos, clausuras, intimaciones de pago y requerimientos de fiscalizaci\u00f3n, entre otros procedimientos.<\/p>\n\n\n\n<p>La normativa except\u00faa de la feria fiscal a los procedimientos que realiza la AFIP por precios de transferencia.<\/p>\n\n\n\n<p>Asimismo, mantiene habilitadas las fiscalizaciones realizadas en funci\u00f3n de la informaci\u00f3n proporcionada por la Organizaci\u00f3n para la Cooperaci\u00f3n y el Desarrollo Econ\u00f3micos (OCDE) sobre cuentas de argentinos en el exterior, as\u00ed como aquella proveniente de intercambio de informaci\u00f3n en el marco de acuerdos y convenios internacionales.<\/p>\n\n\n\n<p>La resoluci\u00f3n de la AFIP tambi\u00e9n contempla la posibilidad de llevar adelante fiscalizaciones electr\u00f3nicas, aquellos controles y verificaciones no presenciales que se tramitan \u00edntegramente online.<\/p>\n\n\n\n<p>Una feria fiscal consiste en la extensi\u00f3n de todos los plazos procedimentales en materia impositiva, aduanera y de la seguridad social.<\/p>\n\n\n\n<p>La medida no suspende las acciones de la AFIP, no obstante lo cual, durante su vigencia quedan en suspenso el c\u00f3mputo de los plazos que rigen para la respuesta de los contribuyentes a los requerimientos del organismo.<\/p>\n","protected":false},"excerpt":{"rendered":"<p>La Administraci\u00f3n Federal de Ingresos P\u00fablicos (AFIP) prorrog\u00f3 la feria fiscal hasta el 8 de noviembre pr\u00f3ximo<\/p>\n","protected":false},"author":2,"featured_media":438,"comment_status":"open","ping_status":"open","sticky":false,"template":"","format":"standard","meta":{"generate_page_header":"","footnotes":""},"categories":[6],"tags":[55,35],"class_list":["post-437","post","type-post","status-publish","format-standard","has-post-thumbnail","hentry","category-noticias","tag-feria-fiscal","tag-prorroga-2"],"_links":{"self":[{"href":"http:\/\/estudiovernengo.com\/estudio\/wp-json\/wp\/v2\/posts\/437","targetHints":{"allow":["GET"]}}],"collection":[{"href":"http:\/\/estudiovernengo.com\/estudio\/wp-json\/wp\/v2\/posts"}],"about":[{"href":"http:\/\/estudiovernengo.com\/estudio\/wp-json\/wp\/v2\/types\/post"}],"author":[{"embeddable":true,"href":"http:\/\/estudiovernengo.com\/estudio\/wp-json\/wp\/v2\/users\/2"}],"replies":[{"embeddable":true,"href":"http:\/\/estudiovernengo.com\/estudio\/wp-json\/wp\/v2\/comments?post=437"}],"version-history":[{"count":1,"href":"http:\/\/estudiovernengo.com\/estudio\/wp-json\/wp\/v2\/posts\/437\/revisions"}],"predecessor-version":[{"id":439,"href":"http:\/\/estudiovernengo.com\/estudio\/wp-json\/wp\/v2\/posts\/437\/revisions\/439"}],"wp:featuredmedia":[{"embeddable":true,"href":"http:\/\/estudiovernengo.com\/estudio\/wp-json\/wp\/v2\/media\/438"}],"wp:attachment":[{"href":"http:\/\/estudiovernengo.com\/estudio\/wp-json\/wp\/v2\/media?parent=437"}],"wp:term":[{"taxonomy":"category","embeddable":true,"href":"http:\/\/estudiovernengo.com\/estudio\/wp-json\/wp\/v2\/categories?post=437"},{"taxonomy":"post_tag","embeddable":true,"href":"http:\/\/estudiovernengo.com\/estudio\/wp-json\/wp\/v2\/tags?post=437"}],"curies":[{"name":"wp","href":"https:\/\/api.w.org\/{rel}","templated":true}]}}