{"id":424,"date":"2020-09-27T23:50:35","date_gmt":"2020-09-27T23:50:35","guid":{"rendered":"http:\/\/estudiovernengo.com\/estudio\/?p=424"},"modified":"2020-09-27T23:50:40","modified_gmt":"2020-09-27T23:50:40","slug":"los-detalles-de-la-prorroga-del-congelamiento-de-alquileres-y-las-cuotas-de-creditos-uva","status":"publish","type":"post","link":"http:\/\/estudiovernengo.com\/estudio\/los-detalles-de-la-prorroga-del-congelamiento-de-alquileres-y-las-cuotas-de-creditos-uva\/","title":{"rendered":"Los detalles de la pr\u00f3rroga del congelamiento de alquileres y las cuotas de cr\u00e9ditos UVA"},"content":{"rendered":"\n<p>A trav\u00e9s de los decretos 766\/2020 y 767\/2020, el Gobierno oficializ\u00f3 el congelamiento de los precios de alquileres y la suspensi\u00f3n de los desalojos por falta de pago.<\/p>\n\n\n\n<p>El Gobierno oficializ\u00f3 el congelamiento de los precios de alquileres y la suspensi\u00f3n de los desalojos por falta de pago, as\u00ed como la imposibilidad de modificar el valor de las cuotas de los cr\u00e9ditos hipotecarios UVA, en el marco de la emergencia sanitaria por la pandemia de coronavirus.<\/p>\n\n\n\n<p>Lo hizo a trav\u00e9s de los&nbsp;<a href=\"https:\/\/www.boletinoficial.gob.ar\/detalleAviso\/primera\/235338\/20200925?busqueda=2\" target=\"_blank\" rel=\"noreferrer noopener\"><strong>decretos 766\/2020<\/strong><\/a>&nbsp;y&nbsp;<a href=\"https:\/\/www.boletinoficial.gob.ar\/detalleAviso\/primera\/235337\/20200925?busqueda=2\" target=\"_blank\" rel=\"noreferrer noopener\"><strong>767\/2020<\/strong><\/a>&nbsp;publicados hoy en el Bolet\u00edn Oficial.<\/p>\n\n\n\n<p><strong>El primero de ellos extendi\u00f3 hasta el 31 de enero de 2021 la suspensi\u00f3n de los desalojos, el plazo de vigencia de los contratos y el congelamiento de los precios de los alquileres.<\/strong><\/p>\n\n\n\n<p>Las norma prorrog\u00f3 hasta febrero de 2021 el inicio del pago de las deudas por diferencia de precio en los mismos t\u00e9rminos y condiciones, y hasta el 31 de enero de 2021 para las deudas por falta de pago.<\/p>\n\n\n\n<p>Por otra parte, se extendi\u00f3 la mediaci\u00f3n obligatoria por el plazo de 6 meses, a partir del 30 de marzo de 2021, y la suspensi\u00f3n establecida con anterioridad.<\/p>\n\n\n\n<p><strong>En tanto, el segundo de los decretos prolong\u00f3 el congelamiento del valor de las cuotas de cr\u00e9ditos hipotecarios UVA para vivienda \u00fanica hasta el 31 de enero pr\u00f3ximo, con lo que seguir\u00e1 vigente el de marzo cuando se dict\u00f3 la emergencia sanitaria en todo el pa\u00eds.<\/strong><\/p>\n\n\n\n<p>Tambi\u00e9n dispuso suspender las ejecuciones hasta la misma fecha, sean \u00abhipotecarias, judiciales o extrajudiciales\u00bb.<\/p>\n\n\n\n<p>La norma adem\u00e1s alcanza a los \u00ablanzamientos ya ordenados\u00bb y que no se hubiesen llevado a cabo.<\/p>\n\n\n\n<p>Al mismo tiempo, estableci\u00f3 que las cuotas de cr\u00e9ditos hipotecarios que recaigan sobre inmuebles destinados a vivienda \u00fanica y deban pagarse entre el 1 de febrero de 2021 y el 31 de julio de 2022 no podr\u00e1n superar el valor determinado en un esquema de convergencia elaborado por el Poder Ejecutivo.<\/p>\n\n\n\n<p>En tanto, se dispuso que hasta el 31 de julio de 2022, las entidades financieras deber\u00e1n habilitar una instancia para considerar la situaci\u00f3n de aquellos clientes que acrediten que el importe de la cuota a abonar supera el 35% de sus ingresos actuales.<\/p>\n\n\n\n<p>Adem\u00e1s, las inst\u00f3 a \u00abcontemplar situaciones especiales debidamente acreditadas que deriven en una variaci\u00f3n de los deudores\/codeudores considerados\u00bb.<\/p>\n\n\n\n<p>En otro punto, se fij\u00f3 que las deudas que pudieren generarse desde el 1 de octubre pr\u00f3ximo y hasta el 31 de enero de 2021, originadas en la falta de pago o por pagos realizados fuera de plazo o por pagos parciales, podr\u00e1n ser convertidas a Unidades de Valor Adquisitivo (UVA) y refinanciadas a pagar a partir de la finalizaci\u00f3n del cronograma vigente del pr\u00e9stamo, en cuotas que no podr\u00e1n superar la cuota original del pr\u00e9stamo.<\/p>\n\n\n\n<p>Por otro lado, estableci\u00f3 que, de aplicarse intereses compensatorios, estos no deber\u00e1n exceder la tasa de inter\u00e9s del pr\u00e9stamo original.<\/p>\n\n\n\n<p>Finalmente, la norma publicada hoy determin\u00f3 que las deudas acumuladas previstas en el Decreto 319\/2020 podr\u00e1n ser refinanciadas, y agreg\u00f3 que \u00ablas partes podr\u00e1n pactar una forma de pago distinta que no podr\u00e1 ser m\u00e1s gravosa para la parte deudora\u00bb.<\/p>\n","protected":false},"excerpt":{"rendered":"<p>A trav\u00e9s de los decretos 766\/2020 y 767\/2020, el Gobierno oficializ\u00f3 el congelamiento de los precios de alquileres y la suspensi\u00f3n de los desalojos por falta de pago. El Gobierno oficializ\u00f3 el congelamiento de los precios de alquileres y la suspensi\u00f3n de los desalojos por falta de pago, as\u00ed como la imposibilidad de modificar el &#8230; <a title=\"Los detalles de la pr\u00f3rroga del congelamiento de alquileres y las cuotas de cr\u00e9ditos UVA\" class=\"read-more\" href=\"http:\/\/estudiovernengo.com\/estudio\/los-detalles-de-la-prorroga-del-congelamiento-de-alquileres-y-las-cuotas-de-creditos-uva\/\" aria-label=\"M\u00e1s en Los detalles de la pr\u00f3rroga del congelamiento de alquileres y las cuotas de cr\u00e9ditos UVA\">Leer m\u00e1s<\/a><\/p>\n","protected":false},"author":2,"featured_media":426,"comment_status":"open","ping_status":"open","sticky":false,"template":"","format":"standard","meta":{"generate_page_header":"","footnotes":""},"categories":[6],"tags":[19],"class_list":["post-424","post","type-post","status-publish","format-standard","has-post-thumbnail","hentry","category-noticias","tag-prorroga"],"_links":{"self":[{"href":"http:\/\/estudiovernengo.com\/estudio\/wp-json\/wp\/v2\/posts\/424","targetHints":{"allow":["GET"]}}],"collection":[{"href":"http:\/\/estudiovernengo.com\/estudio\/wp-json\/wp\/v2\/posts"}],"about":[{"href":"http:\/\/estudiovernengo.com\/estudio\/wp-json\/wp\/v2\/types\/post"}],"author":[{"embeddable":true,"href":"http:\/\/estudiovernengo.com\/estudio\/wp-json\/wp\/v2\/users\/2"}],"replies":[{"embeddable":true,"href":"http:\/\/estudiovernengo.com\/estudio\/wp-json\/wp\/v2\/comments?post=424"}],"version-history":[{"count":1,"href":"http:\/\/estudiovernengo.com\/estudio\/wp-json\/wp\/v2\/posts\/424\/revisions"}],"predecessor-version":[{"id":427,"href":"http:\/\/estudiovernengo.com\/estudio\/wp-json\/wp\/v2\/posts\/424\/revisions\/427"}],"wp:featuredmedia":[{"embeddable":true,"href":"http:\/\/estudiovernengo.com\/estudio\/wp-json\/wp\/v2\/media\/426"}],"wp:attachment":[{"href":"http:\/\/estudiovernengo.com\/estudio\/wp-json\/wp\/v2\/media?parent=424"}],"wp:term":[{"taxonomy":"category","embeddable":true,"href":"http:\/\/estudiovernengo.com\/estudio\/wp-json\/wp\/v2\/categories?post=424"},{"taxonomy":"post_tag","embeddable":true,"href":"http:\/\/estudiovernengo.com\/estudio\/wp-json\/wp\/v2\/tags?post=424"}],"curies":[{"name":"wp","href":"https:\/\/api.w.org\/{rel}","templated":true}]}}