{"id":419,"date":"2020-09-22T16:58:00","date_gmt":"2020-09-22T16:58:00","guid":{"rendered":"http:\/\/estudiovernengo.com\/estudio\/?p=419"},"modified":"2020-09-22T16:58:09","modified_gmt":"2020-09-22T16:58:09","slug":"dia-del-empleado-de-comercio-se-traslada-al-dia-habil-siguiente","status":"publish","type":"post","link":"http:\/\/estudiovernengo.com\/estudio\/dia-del-empleado-de-comercio-se-traslada-al-dia-habil-siguiente\/","title":{"rendered":"D\u00eda del Empleado de Comercio se traslada al d\u00eda h\u00e1bil siguiente"},"content":{"rendered":"\n<p>La ley 26541 establece como D\u00eda del Empleado de Comercio el 26 de setiembre de cada a\u00f1o.<\/p>\n\n\n\n<p>Sin embargo, como este a\u00f1o coincide con un d\u00eda s\u00e1bado, la Federaci\u00f3n Argentina de Empleados de Comercio y Servicios (FAECYS) acord\u00f3 con las C\u00e1maras Empresarias de la actividad trasladar lo al d\u00eda h\u00e1bil siguiente, es decir, al lunes 28 de setiembre con el objetivo puesto en que todos los trabajadores del sector puedan gozar de este d\u00eda.<\/p>\n\n\n\n<p>Es importante destacar que este d\u00eda se rige seg\u00fan las normas establecidas por la ley de contrato de trabajo para los d\u00edas feriados.<\/p>\n\n\n\n<p>En consecuencia, el d\u00eda feriado no trabajado se calcula dividiendo la totalidad de la remuneraci\u00f3n correspondiente al mes respectivo por 25, y aplicando el importe al d\u00eda feriado en cuesti\u00f3n, gener\u00e1ndose el \u201cplus por feriado\u201d.<\/p>\n\n\n\n<p>Por el contrario, si el trabajador debiera prestar servicios, se le deber\u00e1 abonar el d\u00eda a valor normal m\u00e1s una suma igual, es decir, un recargo del 100% (art. 166, LCT).<\/p>\n\n\n\n<p>Se aclara que deber\u00e1n considerarse todos los conceptos remunerativos y no remunerativos en la base de c\u00e1lculo.<\/p>\n","protected":false},"excerpt":{"rendered":"<p>La ley 26541 establece como D\u00eda del Empleado de Comercio el 26 de setiembre de cada a\u00f1o.<\/p>\n","protected":false},"author":2,"featured_media":420,"comment_status":"open","ping_status":"open","sticky":false,"template":"","format":"standard","meta":{"generate_page_header":"","footnotes":""},"categories":[6],"tags":[],"class_list":["post-419","post","type-post","status-publish","format-standard","has-post-thumbnail","hentry","category-noticias"],"_links":{"self":[{"href":"http:\/\/estudiovernengo.com\/estudio\/wp-json\/wp\/v2\/posts\/419","targetHints":{"allow":["GET"]}}],"collection":[{"href":"http:\/\/estudiovernengo.com\/estudio\/wp-json\/wp\/v2\/posts"}],"about":[{"href":"http:\/\/estudiovernengo.com\/estudio\/wp-json\/wp\/v2\/types\/post"}],"author":[{"embeddable":true,"href":"http:\/\/estudiovernengo.com\/estudio\/wp-json\/wp\/v2\/users\/2"}],"replies":[{"embeddable":true,"href":"http:\/\/estudiovernengo.com\/estudio\/wp-json\/wp\/v2\/comments?post=419"}],"version-history":[{"count":1,"href":"http:\/\/estudiovernengo.com\/estudio\/wp-json\/wp\/v2\/posts\/419\/revisions"}],"predecessor-version":[{"id":421,"href":"http:\/\/estudiovernengo.com\/estudio\/wp-json\/wp\/v2\/posts\/419\/revisions\/421"}],"wp:featuredmedia":[{"embeddable":true,"href":"http:\/\/estudiovernengo.com\/estudio\/wp-json\/wp\/v2\/media\/420"}],"wp:attachment":[{"href":"http:\/\/estudiovernengo.com\/estudio\/wp-json\/wp\/v2\/media?parent=419"}],"wp:term":[{"taxonomy":"category","embeddable":true,"href":"http:\/\/estudiovernengo.com\/estudio\/wp-json\/wp\/v2\/categories?post=419"},{"taxonomy":"post_tag","embeddable":true,"href":"http:\/\/estudiovernengo.com\/estudio\/wp-json\/wp\/v2\/tags?post=419"}],"curies":[{"name":"wp","href":"https:\/\/api.w.org\/{rel}","templated":true}]}}