{"id":397,"date":"2020-08-31T00:14:04","date_gmt":"2020-08-31T00:14:04","guid":{"rendered":"http:\/\/estudiovernengo.com\/estudio\/?p=397"},"modified":"2020-08-31T00:14:44","modified_gmt":"2020-08-31T00:14:44","slug":"la-afip-habilito-la-inscripcion-al-programa-atp-de-agosto","status":"publish","type":"post","link":"http:\/\/estudiovernengo.com\/estudio\/la-afip-habilito-la-inscripcion-al-programa-atp-de-agosto\/","title":{"rendered":"La AFIP habilit\u00f3 la inscripci\u00f3n al Programa ATP de agosto"},"content":{"rendered":"\n<p>La Administraci\u00f3n Federal de Ingresos P\u00fablicos (AFIP) habilit\u00f3 el sistema de inscripci\u00f3n al\u00a0Programa de Asistencia de Emergencia al Trabajo y la Producci\u00f3n\u00a0(ATP).<\/p>\n\n\n\n<p>Los empleadores que requieran la asistencia estatal para el pago de los salarios de agosto podr\u00e1n registrarse online entre los d\u00edas\u00a0<strong>28 de agosto y 3 de septiembre,<\/strong>\u00a0inclusive. Para hacerlo las empresas deber\u00e1n ingresar con clave fiscal en\u00a0afip.gob.ar.<\/p>\n\n\n\n<p>Aquellas firmas que hubieran registrado una variaci\u00f3n nominal negativa en su facturaci\u00f3n entre los meses julio de 2020 y 2019 acceder\u00e1n al salario complementario.<\/p>\n\n\n\n<p>Por su parte, los empleadores que presenten una variaci\u00f3n nominal positiva en su facturaci\u00f3n de entre 0% y 40% podr\u00e1n solicitar un Cr\u00e9dito a Tasa Subsidiada. La tasa de inter\u00e9s para las financiaciones ser\u00e1 en todos los casos del 15%.<img decoding=\"async\" src=\"https:\/\/assets.iprofesional.com\/assets\/jpg\/2020\/04\/495016.jpg?6.0.1.1\" alt=\"La AFIP habilit\u00f3 la inscripci\u00f3n al Programa ATP de agosto\" style=\"width: 1200px;\">La\u00a0AFIP\u00a0habilit\u00f3 la inscripci\u00f3n al Programa ATP de agosto<\/p>\n\n\n\n<p>El tr\u00e1mite para acceder a un\u00a0<strong>Cr\u00e9dito a Tasa Subsidiada<\/strong>\u00a0se iniciar\u00e1 a trav\u00e9s del sitio web de la\u00a0AFIP\u00a0y los pr\u00e9stamos se terminan de gestionar ante la entidad bancaria seleccionada por cada empresa.<\/p>\n\n\n\n<p>Los Cr\u00e9ditos a Tasa Subsidiada s\u00f3lo pueden destinarse al pago de los salarios de trabajadoras y trabajadores de las empresas beneficiadas. Por eso, el financiamiento se acreditar\u00e1 directamente en las cuentas bancarias de cada una de las trabajadoras y trabajadores.<\/p>\n\n\n\n<p>La normativa contempla la posibilidad de convertir los Cr\u00e9ditos a Tasa Subsidiada en un subsidio siempre&nbsp;y cuando las empresas beneficiadas cumplan determinadas metas de empleo. Esas pautas ser\u00e1n establecidas por el Ministerio de Desarrollo Productivo.<\/p>\n\n\n\n<h2 class=\"wp-block-heading\">Ganancias\u00a0y Bienes Personales: vencen declaraciones informativas<\/h2>\n\n\n\n<p>El pr\u00f3ximo lunes 31 de agosto vence el plazo para presentar ante la\u00a0AFIP\u00a0las declaraciones informativas del impuesto a las Ganancias y de Bienes Personales.<\/p>\n\n\n\n<p>La declaraci\u00f3n se hace en base a los<strong>&nbsp;ingresos obtenidos en 2019&nbsp;<\/strong>y al patrimonio seg\u00fan su valuaci\u00f3n al&nbsp;<strong>31 de diciembre pasado<\/strong>.<\/p>\n\n\n\n<p>La obligaci\u00f3n alcanza a un grupo de empleados bajo relaci\u00f3n de dependencia\u00a0y jubilados que no est\u00e1n inscriptos en esos tributos y a quienes, sus empleadores u organismos de la seguridad social les hacen los descuentos por la carga fiscal de\u00a0Ganancias.<\/p>\n\n\n\n<p>Para este a\u00f1o, est\u00e1n alcanzados por esta obligaci\u00f3n quienes en todo 2019 percibieron una suma igual o superior a los&nbsp;<strong>2 millones de pesos<\/strong>, considerando los salarios, los ingresos provenientes del ejercicio de cargos p\u00fablicos en los diferentes niveles del Estado, las jubilaciones o pensiones, los retiros o subsidios que tengan su origen en el trabajo personal y las rentas de socios de cooperativas de trabajo.<\/p>\n\n\n\n<p>La presentaci\u00f3n de la declaraci\u00f3n de ingresos\u00a0se hace en la web de la AFIP, ingresando con clave fiscal\u00a0e ingresando al\u00a0servicio llamado \u00abGanancias-Personas Humanas\u00bb.\u00a0<\/p>\n\n\n\n<p>En el caso de la declaraci\u00f3n patrimonial, deben informarse en el servicio interactivo \u00abBienes Personales Web\u00bb los activos que se ten\u00edan al 31 de diciembre del a\u00f1o pasado, seg\u00fan las normas de valuaci\u00f3n que rigen para ese tributo y que son establecidas por la\u00a0AFIP.<\/p>\n\n\n\n<p>Por 2019 el valor m\u00ednimo del patrimonio alcanzado por el\u00a0impuesto\u00a0es de $2 millones (est\u00e1 eximida la vivienda, hasta un monto de $18 millones), por lo cual, si se hab\u00eda alcanzado esa cifra correspondi\u00f3 hacer la declaraci\u00f3n determinativa, cuyo vencimiento ocurri\u00f3 unas semanas atr\u00e1s.<\/p>\n","protected":false},"excerpt":{"rendered":"<p>La Administraci\u00f3n Federal de Ingresos P\u00fablicos (AFIP) habilit\u00f3 el sistema de inscripci\u00f3n al\u00a0Programa de Asistencia de Emergencia al Trabajo y la Producci\u00f3n\u00a0(ATP). Los empleadores que requieran la asistencia estatal para el pago de los salarios de agosto podr\u00e1n registrarse online entre los d\u00edas\u00a028 de agosto y 3 de septiembre,\u00a0inclusive. Para hacerlo las empresas deber\u00e1n ingresar &#8230; <a title=\"La AFIP habilit\u00f3 la inscripci\u00f3n al Programa ATP de agosto\" class=\"read-more\" href=\"http:\/\/estudiovernengo.com\/estudio\/la-afip-habilito-la-inscripcion-al-programa-atp-de-agosto\/\" aria-label=\"M\u00e1s en La AFIP habilit\u00f3 la inscripci\u00f3n al Programa ATP de agosto\">Leer m\u00e1s<\/a><\/p>\n","protected":false},"author":2,"featured_media":398,"comment_status":"open","ping_status":"open","sticky":false,"template":"","format":"standard","meta":{"generate_page_header":"","footnotes":""},"categories":[6],"tags":[41,20],"class_list":["post-397","post","type-post","status-publish","format-standard","has-post-thumbnail","hentry","category-noticias","tag-agosto","tag-atp"],"_links":{"self":[{"href":"http:\/\/estudiovernengo.com\/estudio\/wp-json\/wp\/v2\/posts\/397","targetHints":{"allow":["GET"]}}],"collection":[{"href":"http:\/\/estudiovernengo.com\/estudio\/wp-json\/wp\/v2\/posts"}],"about":[{"href":"http:\/\/estudiovernengo.com\/estudio\/wp-json\/wp\/v2\/types\/post"}],"author":[{"embeddable":true,"href":"http:\/\/estudiovernengo.com\/estudio\/wp-json\/wp\/v2\/users\/2"}],"replies":[{"embeddable":true,"href":"http:\/\/estudiovernengo.com\/estudio\/wp-json\/wp\/v2\/comments?post=397"}],"version-history":[{"count":1,"href":"http:\/\/estudiovernengo.com\/estudio\/wp-json\/wp\/v2\/posts\/397\/revisions"}],"predecessor-version":[{"id":399,"href":"http:\/\/estudiovernengo.com\/estudio\/wp-json\/wp\/v2\/posts\/397\/revisions\/399"}],"wp:featuredmedia":[{"embeddable":true,"href":"http:\/\/estudiovernengo.com\/estudio\/wp-json\/wp\/v2\/media\/398"}],"wp:attachment":[{"href":"http:\/\/estudiovernengo.com\/estudio\/wp-json\/wp\/v2\/media?parent=397"}],"wp:term":[{"taxonomy":"category","embeddable":true,"href":"http:\/\/estudiovernengo.com\/estudio\/wp-json\/wp\/v2\/categories?post=397"},{"taxonomy":"post_tag","embeddable":true,"href":"http:\/\/estudiovernengo.com\/estudio\/wp-json\/wp\/v2\/tags?post=397"}],"curies":[{"name":"wp","href":"https:\/\/api.w.org\/{rel}","templated":true}]}}