{"id":378,"date":"2020-07-30T23:52:06","date_gmt":"2020-07-30T23:52:06","guid":{"rendered":"http:\/\/estudiovernengo.com\/estudio\/?p=378"},"modified":"2020-07-30T23:52:12","modified_gmt":"2020-07-30T23:52:12","slug":"la-afip-prorrogo-la-suspension-de-embargos-a-pymes-y-las-ejecuciones-fiscales","status":"publish","type":"post","link":"http:\/\/estudiovernengo.com\/estudio\/la-afip-prorrogo-la-suspension-de-embargos-a-pymes-y-las-ejecuciones-fiscales\/","title":{"rendered":"La AFIP prorrog\u00f3 la suspensi\u00f3n de embargos a pymes y las ejecuciones fiscales"},"content":{"rendered":"\n<p>La\u00a0<strong>Administraci\u00f3n Federal de Ingresos P\u00fablicos\u00a0(\u00a0AFIP)<\/strong>\u00a0resolvi\u00f3 hoy prorrogar por un mes m\u00e1s la suspensi\u00f3n de embargos y las ejecuciones fiscales para las pymes, que de esta manera contar\u00e1n con este beneficio\u00a0hasta el 31 de agosto.<\/p>\n\n\n\n<p>Seg\u00fan inform\u00f3 el ente recaudador, la medida afectar\u00e1 a\u00a0cerca de un mill\u00f3n\u00a0de micro, peque\u00f1as y medianas empresas que cuentan con el\u00a0<strong>certificado MiPyme<\/strong>.<\/p>\n\n\n\n<p>\u00abLa normativa referida a las ejecuciones fiscales, por su parte, prev\u00e9 la<strong>&nbsp;suspensi\u00f3n de la gesti\u00f3n judicial del cobro de las obligaciones tributarias<\/strong>&nbsp;en aquellas jurisdicciones&nbsp;donde se hubiera habilitado el&nbsp;<strong>levantamiento de la feria judicial extraordinaria<\/strong>\u00ab, aclar\u00f3 en un comunicado el organismo conducido por&nbsp;<strong>Mercedes Marc\u00f3 del Pont<\/strong>.<\/p>\n\n\n\n<p>Las decisiones ser\u00e1n instrumentadas a trav\u00e9s de dos resoluciones generales de la\u00a0\u00a0AFIP\u00a0que ser\u00e1n publicadas\u00a0ma\u00f1ana en el Bolet\u00edn Oficial.<\/p>\n","protected":false},"excerpt":{"rendered":"<p>La\u00a0Administraci\u00f3n Federal de Ingresos P\u00fablicos\u00a0(\u00a0AFIP)\u00a0resolvi\u00f3 hoy prorrogar por un mes m\u00e1s la suspensi\u00f3n de embargos y las ejecuciones fiscales para las pymes, que de esta manera contar\u00e1n con este beneficio\u00a0hasta el 31 de agosto. Seg\u00fan inform\u00f3 el ente recaudador, la medida afectar\u00e1 a\u00a0cerca de un mill\u00f3n\u00a0de micro, peque\u00f1as y medianas empresas que cuentan con el\u00a0certificado &#8230; <a title=\"La AFIP prorrog\u00f3 la suspensi\u00f3n de embargos a pymes y las ejecuciones fiscales\" class=\"read-more\" href=\"http:\/\/estudiovernengo.com\/estudio\/la-afip-prorrogo-la-suspension-de-embargos-a-pymes-y-las-ejecuciones-fiscales\/\" aria-label=\"M\u00e1s en La AFIP prorrog\u00f3 la suspensi\u00f3n de embargos a pymes y las ejecuciones fiscales\">Leer m\u00e1s<\/a><\/p>\n","protected":false},"author":2,"featured_media":381,"comment_status":"open","ping_status":"open","sticky":false,"template":"","format":"standard","meta":{"generate_page_header":"","footnotes":""},"categories":[6],"tags":[37],"class_list":["post-378","post","type-post","status-publish","format-standard","has-post-thumbnail","hentry","category-noticias","tag-suspension-de-embargos-a-pymes"],"_links":{"self":[{"href":"http:\/\/estudiovernengo.com\/estudio\/wp-json\/wp\/v2\/posts\/378","targetHints":{"allow":["GET"]}}],"collection":[{"href":"http:\/\/estudiovernengo.com\/estudio\/wp-json\/wp\/v2\/posts"}],"about":[{"href":"http:\/\/estudiovernengo.com\/estudio\/wp-json\/wp\/v2\/types\/post"}],"author":[{"embeddable":true,"href":"http:\/\/estudiovernengo.com\/estudio\/wp-json\/wp\/v2\/users\/2"}],"replies":[{"embeddable":true,"href":"http:\/\/estudiovernengo.com\/estudio\/wp-json\/wp\/v2\/comments?post=378"}],"version-history":[{"count":1,"href":"http:\/\/estudiovernengo.com\/estudio\/wp-json\/wp\/v2\/posts\/378\/revisions"}],"predecessor-version":[{"id":382,"href":"http:\/\/estudiovernengo.com\/estudio\/wp-json\/wp\/v2\/posts\/378\/revisions\/382"}],"wp:featuredmedia":[{"embeddable":true,"href":"http:\/\/estudiovernengo.com\/estudio\/wp-json\/wp\/v2\/media\/381"}],"wp:attachment":[{"href":"http:\/\/estudiovernengo.com\/estudio\/wp-json\/wp\/v2\/media?parent=378"}],"wp:term":[{"taxonomy":"category","embeddable":true,"href":"http:\/\/estudiovernengo.com\/estudio\/wp-json\/wp\/v2\/categories?post=378"},{"taxonomy":"post_tag","embeddable":true,"href":"http:\/\/estudiovernengo.com\/estudio\/wp-json\/wp\/v2\/tags?post=378"}],"curies":[{"name":"wp","href":"https:\/\/api.w.org\/{rel}","templated":true}]}}