{"id":333,"date":"2020-07-09T00:24:17","date_gmt":"2020-07-09T00:24:17","guid":{"rendered":"http:\/\/estudiovernengo.com\/estudio\/?p=333"},"modified":"2020-07-09T00:24:22","modified_gmt":"2020-07-09T00:24:22","slug":"proyecto-moratoria-para-todos-punto-por-punto-como-es-el-plan-del-gobierno","status":"publish","type":"post","link":"http:\/\/estudiovernengo.com\/estudio\/proyecto-moratoria-para-todos-punto-por-punto-como-es-el-plan-del-gobierno\/","title":{"rendered":"Proyecto \u00abMoratoria para Todos\u00bb : Punto por punto como es el plan del Gobierno"},"content":{"rendered":"\n<p>El Gobierno termin\u00f3 de definir los detalles del proyecto de ley por el que ampl\u00eda los alcances de la moratoria pyme a\u00a0<strong>empresas\u00a0de todos los tama\u00f1os, y tambi\u00e9n para los personas f\u00edsicas<\/strong>,\u00a0que incluir\u00e1 deudas vencidas durante la cuarentena por\u00a0<strong>coronavirus<\/strong>, f<strong>acilidades de pagos extendidas de entre 6 a\u00a010 a\u00f1os\u00a0<\/strong>y un per\u00edodo de gracia de tres meses desde la inscripci\u00f3n.<\/p>\n\n\n\n<p>La\u00a0<strong>Moratoria para todos<\/strong>\u00a0es<strong>,\u00a0una de las medidas en las que el Gobierno trabaja con el foco en la reactivaci\u00f3n de la econom\u00eda post-pandemia<\/strong>, y busca otorgar a los privados una herramienta que les permita salir del ahogo financiero<\/p>\n\n\n\n<p><strong>Este martes, el gabinete econ\u00f3mico termin\u00f3 de darle las \u00faltimas puntadas al proyecto de ley, que ingres\u00f3 ya al Congreso,<\/strong>&nbsp;donde el oficialismo espera contar con un r\u00e1pido tratamiento y aprobaci\u00f3n.<\/p>\n\n\n\n<p>Los puntos principales del proyecto oficial son:<\/p>\n\n\n\n<ul class=\"wp-block-list\"><li>Podr\u00e1n adherirse\u00a0a\u00a0todas las personas jur\u00eddicas y humanas\u00a0para regularizar\u00a0sus deudas impositivas y previsionales<\/li><li>Incluira\u00a0deudas vencidas\u00a0hasta el 30 de junio de 2020<\/li><li>Ser\u00e1 posible adherirse\u00a0hasta el 31 de octubre de 2020<\/li><li>Primera cuota vence el 16 de noviembre<\/li><li>Cuotas de\u00a0hasta 96 o 120 meses\u00a0para las obligaciones tributarias y aduaneras, seg\u00fan el tama\u00f1o de la empresa o individuos<\/li><li>48 o 60 cuotas\u00a0para las obligaciones correspondientes<\/li><li>Condonaci\u00f3n\u00a0parcial de intereses y total de multas.<\/li><li>Tasa de inter\u00e9s fija del\u00a02% mensual hasta enero de 2021\u00a0y, a partir de ese momento, una tasa variable en pesos (se reformular\u00e1n los planes ya ingresados a la\u00a0moratoria para que esa sea la tasa).<\/li><li>Permite utilizar todas las devoluciones aprobadas y pendientes de pagoque el contribuyente tenga a favor en AFIP para compensar la deuda (s\u00f3lo pueden\u00a0utilizarse aquellos saldos existentes antes de la aprobaci\u00f3n de la ley y no puedan\u00a0utilizarse saldos t\u00e9cnicos para compensar).<\/li><li>Las\u00a0empresas de mayor tama\u00f1o durante\u00a024 meses no\u00a0podr\u00e1n distribuir dividendos, realizar operaciones con t\u00edtulos para eludir la normativa\u00a0cambiaria ni acceder al mercado cambiario para realizar pagos a entidades\u00a0vinculadas.<\/li><\/ul>\n\n\n\n<p>Con esta decisi\u00f3n, y tras varios reclamos desde distintos sectores, como los industriales que lo ven\u00edan pidiendo para las grandes empresas y\u00a0<strong>luego de un par de fallos judiciales en primera instancia en favor de ese pedido<\/strong>,\u00a0<strong>el Estado ampliar\u00e1 los beneficios que impuls\u00f3 en la moratorio para las pymes<\/strong>, cuyo plazo de adhesi\u00f3n vence en pr\u00f3ximo 31 de julio, para\u00a0<strong>as\u00ed incluir a casi todo el universo de contribuyentes,\u00a0<\/strong>entre ellos grandes empresas y a contribuyentes individuales.<\/p>\n\n\n\n<p  style=\"   margin: 12px auto 6px auto;   font-family: Helvetica,Arial,Sans-serif;   font-style: normal;   font-variant: normal;   font-weight: normal;   font-size: 14px;   line-height: normal;   font-size-adjust: none;   font-stretch: normal;   -x-system-font: none;   display: block;\"   ><a title=\"View 0002-PE-2020 on Scribd\" href=\"https:\/\/www.scribd.com\/document\/468351884\/0002-PE-2020#from_embed\"  style=\"text-decoration: underline;\">0002-PE-2020<\/a> by <a title=\"\" href=\"https:\/\/www.scribd.com\/user\/238870243\/Cronista-com#from_embed\"  style=\"text-decoration: underline;\"><\/a> on Scribd<\/p><iframe class=\"scribd_iframe_embed\" title=\"0002-PE-2020\" src=\"https:\/\/www.scribd.com\/embeds\/468351884\/content?start_page=1&#038;view_mode=scroll&#038;access_key=key-CBAvXp5NDpvWx6ekWx96\" data-auto-height=\"true\" data-aspect-ratio=\"0.7729220222793488\" scrolling=\"no\" width=\"100%\" height=\"600\" frameborder=\"0\"><\/iframe>\n","protected":false},"excerpt":{"rendered":"<p>El Gobierno termin\u00f3 de definir los detalles del proyecto de ley por el que ampl\u00eda los alcances de la moratoria pyme a\u00a0empresas\u00a0de todos los tama\u00f1os, y tambi\u00e9n para los personas f\u00edsicas,\u00a0que incluir\u00e1 deudas vencidas durante la cuarentena por\u00a0coronavirus, facilidades de pagos extendidas de entre 6 a\u00a010 a\u00f1os\u00a0y un per\u00edodo de gracia de tres meses desde &#8230; <a title=\"Proyecto \u00abMoratoria para Todos\u00bb : Punto por punto como es el plan del Gobierno\" class=\"read-more\" href=\"http:\/\/estudiovernengo.com\/estudio\/proyecto-moratoria-para-todos-punto-por-punto-como-es-el-plan-del-gobierno\/\" aria-label=\"M\u00e1s en Proyecto \u00abMoratoria para Todos\u00bb : Punto por punto como es el plan del Gobierno\">Leer m\u00e1s<\/a><\/p>\n","protected":false},"author":2,"featured_media":336,"comment_status":"open","ping_status":"open","sticky":false,"template":"","format":"standard","meta":{"generate_page_header":"","footnotes":""},"categories":[6],"tags":[27],"class_list":["post-333","post","type-post","status-publish","format-standard","has-post-thumbnail","hentry","category-noticias","tag-proyecto-de-ley"],"_links":{"self":[{"href":"http:\/\/estudiovernengo.com\/estudio\/wp-json\/wp\/v2\/posts\/333","targetHints":{"allow":["GET"]}}],"collection":[{"href":"http:\/\/estudiovernengo.com\/estudio\/wp-json\/wp\/v2\/posts"}],"about":[{"href":"http:\/\/estudiovernengo.com\/estudio\/wp-json\/wp\/v2\/types\/post"}],"author":[{"embeddable":true,"href":"http:\/\/estudiovernengo.com\/estudio\/wp-json\/wp\/v2\/users\/2"}],"replies":[{"embeddable":true,"href":"http:\/\/estudiovernengo.com\/estudio\/wp-json\/wp\/v2\/comments?post=333"}],"version-history":[{"count":1,"href":"http:\/\/estudiovernengo.com\/estudio\/wp-json\/wp\/v2\/posts\/333\/revisions"}],"predecessor-version":[{"id":337,"href":"http:\/\/estudiovernengo.com\/estudio\/wp-json\/wp\/v2\/posts\/333\/revisions\/337"}],"wp:featuredmedia":[{"embeddable":true,"href":"http:\/\/estudiovernengo.com\/estudio\/wp-json\/wp\/v2\/media\/336"}],"wp:attachment":[{"href":"http:\/\/estudiovernengo.com\/estudio\/wp-json\/wp\/v2\/media?parent=333"}],"wp:term":[{"taxonomy":"category","embeddable":true,"href":"http:\/\/estudiovernengo.com\/estudio\/wp-json\/wp\/v2\/categories?post=333"},{"taxonomy":"post_tag","embeddable":true,"href":"http:\/\/estudiovernengo.com\/estudio\/wp-json\/wp\/v2\/tags?post=333"}],"curies":[{"name":"wp","href":"https:\/\/api.w.org\/{rel}","templated":true}]}}