{"id":316,"date":"2020-07-03T17:06:39","date_gmt":"2020-07-03T17:06:39","guid":{"rendered":"http:\/\/estudiovernengo.com\/estudio\/?p=316"},"modified":"2020-07-03T17:07:34","modified_gmt":"2020-07-03T17:07:34","slug":"libro-de-iva-digital-comienza-a-regir-el-cronograma-y-la-afip-ya-notifica-a-los-obligados","status":"publish","type":"post","link":"http:\/\/estudiovernengo.com\/estudio\/libro-de-iva-digital-comienza-a-regir-el-cronograma-y-la-afip-ya-notifica-a-los-obligados\/","title":{"rendered":"Libro de IVA Digital: comienza a regir el cronograma y la AFIP ya notifica a los obligados"},"content":{"rendered":"\n<p>A trav\u00e9s de la Resoluci\u00f3n General 4.597 publicada en el Bolet\u00edn Oficial en octubre pasado se\u00a0reglament\u00f3 la implementaci\u00f3n del Libro de IVA Digital, el Portal IVA y el IVA Simplificado.<\/p>\n\n\n\n<p>Puntualmente, se establece que\u00a0se encuentran obligados a registrar electr\u00f3nicamente sus operaciones a trav\u00e9s del presente r\u00e9gimen, los sujetos que se indican a continuaci\u00f3n:<\/p>\n\n\n\n<p>1. Responsables inscriptos en el\u00a0impuesto\u00a0al valor agregado.<\/p>\n\n\n\n<p>2. Sujetos exentos en el\u00a0impuesto\u00a0al valor agregado.<\/p>\n\n\n\n<p>A fin de registrar electr\u00f3nicamente las operaciones comprendidas, los sujetos\u00a0deber\u00e1n ingresar al servicio denominado \u00ab<strong>PORTAL IVA<\/strong>\u00ab, a trav\u00e9s del sitio web de la\u00a0AFIP\u00a0con la respectiva Clave Fiscal.<\/p>\n\n\n\n<p>En el mencionado servicio web, se pondr\u00e1 a disposici\u00f3n de los responsables\u00a0la informaci\u00f3n de los comprobantes emitidos y recibidos que el contribuyente registre en las bases de datos de la\u00a0<strong>AFIP.<\/strong><\/p>\n\n\n\n<h2 class=\"wp-block-heading\"><strong>Libro IVA Digital<\/strong><\/h2>\n\n\n\n<p>El contribuyente podr\u00e1, respecto de la informaci\u00f3n de los comprobantes emitidos y recibidos que se pone a disposici\u00f3n,&nbsp;efectuar los ajustes, modificaciones, incorporaciones y\/o eliminaci\u00f3n de aquellos datos&nbsp;y\/o comprobantes que considere omitidos y\/o err\u00f3neos. Asimismo, en la misma aplicaci\u00f3n podr\u00e1 ingresar los ajustes al cr\u00e9dito y d\u00e9bito fiscal expuestos que considere pertinentes, se\u00f1ala el Blog del Contador.<\/p>\n\n\n\n<p>Con la informaci\u00f3n de los comprobantes emitidos y recibidos disponible en el servicio web referido y habi\u00e9ndose efectuado, en caso de corresponder, las incorporaciones, modificaciones y\/o eliminaciones pertinentes, el contribuyente y\/o responsable deber\u00e1 confirmar con car\u00e1cter de declaraci\u00f3n jurada&nbsp;en el sistema la registraci\u00f3n de sus operaciones, a fin de generar y presentar el \u00abLibro de IVA Digital\u00bb.<\/p>\n\n\n\n<p>El sistema emitir\u00e1 un \u00abAcuse de Recibo\u00bb como constancia de la informaci\u00f3n presentada, la que quedar\u00e1 sujeta a revisi\u00f3n posterior por parte de la\u00a0AFIP.Te puede interesar<\/p>\n\n\n\n<p>La obligaci\u00f3n de registraci\u00f3n de las operaciones quedar\u00e1 cumplida con la generaci\u00f3n y presentaci\u00f3n del \u00abLibro de IVA Digital\u00bb.<\/p>\n\n\n\n<p>La registraci\u00f3n electr\u00f3nica de las operaciones ser\u00e1 por mes calendario y la presentaci\u00f3n del \u00abLibro de IVA Digital\u00bb deber\u00e1 realizarse con anterioridad al d\u00eda de vencimiento fijado para la presentaci\u00f3n de la declaraci\u00f3n jurada determinativa del\u00a0impuesto\u00a0al valor agregado correspondiente al per\u00edodo mensual que se registra y de manera previa a la declaraci\u00f3n jurada del\u00a0impuesto.<\/p>\n\n\n\n<p><img fetchpriority=\"high\" decoding=\"async\" width=\"880\" height=\"495\" src=\"https:\/\/assets.iprofesional.com\/assets\/jpg\/2020\/05\/497278.jpg?5.6.0.6\" alt=\"Libro de IVA Digital: la AFIP ya notifica a los obligados\"><\/p>\n\n\n\n<p>Libro de IVA Digital: la\u00a0AFIP\u00a0ya notifica a los obligados<\/p>\n\n\n\n<h2 class=\"wp-block-heading\"><strong>Sujetos obligados<\/strong><\/h2>\n\n\n\n<p>La registraci\u00f3n electr\u00f3nica ser\u00e1 obligatoria a partir del mes en que se adquiera la condici\u00f3n de responsable inscripto o exento en el\u00a0impuesto\u00a0al valor agregado o, en su caso, desde la fecha que corresponda conforme se indica seg\u00fan el cronograma oficial del Libro de IVA Digital del art\u00edculo 25 de la Resoluci\u00f3n General 4.597 modificado por la Resoluci\u00f3n General 4671.<\/p>\n\n\n\n<p>Recordamos&nbsp;que esta ultima norma incorpora la opci\u00f3n de presentaci\u00f3n voluntaria a trav\u00e9s del Libro de IVA Digital, en este caso solo para los responsables inscriptos&nbsp;(no abarca a los sujetos exentos).<\/p>\n\n\n\n<p>A tal efecto, el fisco dispuso que para realizar las presentaciones voluntarias, el sujeto interesado deber\u00e1 previamente acceder con clave fiscal al servicio \u00abSistema Registral\u00bb, men\u00fa \u00abRegistros Especiales\u00bb, opci\u00f3n&nbsp;\u00abCaracter\u00edsticas y Registros Especiales\u00bb, \u00abCaracterizaci\u00f3n\u00bb&nbsp;y seleccionar la caracterizaci\u00f3n \u00ab441 \u2013 Registraci\u00f3n de Operaciones \u2013 Libro de IVA Digital\u00bb.<\/p>\n\n\n\n<p>Asimismo, se estableci\u00f3 que una vez ejercida la opci\u00f3n, el contribuyente estar\u00e1 obligado a la registraci\u00f3n electr\u00f3nica de las operaciones a trav\u00e9s de la generaci\u00f3n y presentaci\u00f3n del \u00abLibro de IVA Digital\u00bb.<\/p>\n\n\n\n<p>Por su parte, se establece que el vencimiento de la presentaci\u00f3n del Libro de IVA Digital ser\u00e1 el mismo d\u00eda del vencimiento de la DDJJ del\u00a0impuesto.<\/p>\n\n\n\n<p>La presentaci\u00f3n del r\u00e9gimen informativo de compras y ventas sigue con los vencimientos actuales, es decir, hasta el d\u00eda anterior del vencimiento de la declaraci\u00f3n jurada del\u00a0impuesto.Te puede interesar<\/p>\n\n\n\n<p>Asimismo, se establece que podr\u00e1n presentar la declaraci\u00f3n jurada mensual determinativa del\u00a0impuesto\u00a0de manera simplificada, ingresando al servicio denominado \u00abPortal IVA\u00bb quienes se encuentren habilitados a hacerlo, en lugar de los obligados que era como estaba previsto por el texto original de la Resoluci\u00f3n General 4597.<\/p>\n\n\n\n<p>Te puede interesar: Sueldo Anual Complementario. Posibilidad de pago en cuotas y suspensiones del art\u00edculo 223 bis. Consideraciones a tener en cuenta.<\/p>\n\n\n\n<p>Esto quiere decir que los que queden habilitados a la presentaci\u00f3n voluntaria del Libro de IVA Digital, tambi\u00e9n\u00a0podr\u00e1n presentar la declaraci\u00f3n jurada del\u00a0impuesto\u00a0mediante la opci\u00f3n simplificada Portal IVA.<\/p>\n\n\n\n<p>Por el momento los \u00fanicos obligados son los sujetos que han sido notificados por\u00a0AFIP\u00a0a su domicilio fiscal electr\u00f3nico.<\/p>\n\n\n\n<p>En este caso, la registraci\u00f3n en el libro de iva digital resulta obligatoria desde el per\u00edodo octubre 2019.<\/p>\n\n\n\n<h2 class=\"wp-block-heading\"><strong>Nuevos sujetos obligados<\/strong><\/h2>\n\n\n\n<p>Durante este a\u00f1o se completar\u00e1 progresivamente el universo de sujetos obligados.<\/p>\n\n\n\n<p>En efecto, desde el per\u00edodo junio 2020 (con vencimiento en julio) se incorporan aquellos responsables inscriptos en el IVA que se encuentren obligados a presentar el R\u00e9gimen de Informaci\u00f3n de Compras y Ventas con anterioridad al 1 de octubre de 2019 y hayan realizado ventas por un monto total de operaciones (gravadas, exentas y no gravadas) declaradas en el IVA durante el 2018 por un importe igual o inferior a $ 500.000.<\/p>\n\n\n\n<p>En este sentido,\u00a0AFIP\u00a0ya comenz\u00f3 a enviar las comunicaciones al DFE de los nuevos sujetos obligados en tanto que quienes deban presentar el libro de iva digital tendr\u00e1n habilitado el servicio web en su portal con clave fiscal, por lo tanto, en caso de no contar con el servicio habilitado, no corresponde su presentaci\u00f3n a trav\u00e9s del mismo.<\/p>\n\n\n\n<blockquote class=\"twitter-tweet\"><p lang=\"es\" dir=\"ltr\">No se prorroga la entrada en vigencia del <a href=\"https:\/\/twitter.com\/hashtag\/LibroIVADigital?src=hash&amp;ref_src=twsrc%5Etfw\">#LibroIVADigital<\/a><br><br>La <a href=\"https:\/\/twitter.com\/hashtag\/AFIP?src=hash&amp;ref_src=twsrc%5Etfw\">#AFIP<\/a> comenz\u00f3 a notificar a los responsables inscriptos obligados el Regimen de Compras y Ventas al 30\/09\/19 y que realizaron ventas por hasta $ 500.000 en 2018, que deben implementarlo desde PF 06\/2020 vto. Julio. <a href=\"https:\/\/t.co\/QtM0VVPT55\">pic.twitter.com\/QtM0VVPT55<\/a><\/p>&mdash; Sebasti\u00e1n M. Dom\u00ednguez (@sebasdominguez) <a href=\"https:\/\/twitter.com\/sebasdominguez\/status\/1278269826545352705?ref_src=twsrc%5Etfw\">July 1, 2020<\/a><\/blockquote> <script async src=\"https:\/\/platform.twitter.com\/widgets.js\" charset=\"utf-8\"><\/script>\n\n\n\n<p><strong>Los pr\u00f3ximos obligados son:<\/strong><\/p>\n\n\n\n<ul class=\"wp-block-list\"><li><strong>A partir del per\u00edodo julio de 2020:<\/strong>&nbsp;para los responsables inscriptos en el IVA que se encuentren obligados a presentar el R\u00e9gimen de Informaci\u00f3n de Compras y Ventas con anterioridad al 1 de octubre de 2019 y hayan realizado ventas por un monto total de operaciones (gravadas, exentas y no gravadas)declaradas en el IVA durante el 2018 por un importe superior a $ 500.000.- e inferior o igual a $ 2.000.000.<\/li><li><strong>A partir del per\u00edodo agosto de 2020<\/strong>: para los responsables inscriptos en el IVA que se encuentren obligados a presentar el R\u00e9gimen de Informaci\u00f3n de Compras y Ventas con anterioridad al 1 de octubre de 2019 y hayan realizado ventas por un monto total de operaciones (gravadas, exentas y no gravadas)declaradas en el IVA durante el 2018 por un importe superior a $ 2.000.000.<\/li><li><strong>A partir del per\u00edodo septiembre de 2020:<\/strong>&nbsp;para los responsables inscriptos en el IVA que no se encuentren obligados a presentar el R\u00e9gimen de Informaci\u00f3n de Compras y Ventas con anterioridad al 1 de octubre de 2019<\/li><li><strong>A partir del per\u00edodo octubre de 2020<\/strong>: para los responsables exentos ante el IVA.<\/li><\/ul>\n\n\n\n<p>Por los per\u00edodos hasta junio de 2020 inclusive, se continuar\u00e1 con la registraci\u00f3n electr\u00f3nica.<\/p>\n\n\n\n<p>Por otra parte, recordamos que la \u00fanica obligaci\u00f3n es la de la presentaci\u00f3n del libro de iva digital y no as\u00ed la presentaci\u00f3n de la declaraci\u00f3n jurada mediante el procedimiento simplificado (F.2082).<\/p>\n\n\n\n<p>Esto es importante tenerlo en cuenta para ciertas situaciones especiales que enumeramos a continuaci\u00f3n:<\/p>\n\n\n\n<ul class=\"wp-block-list\"><li>Contribuyentes que tienen m\u00e1s de una actividad declarada<\/li><li>Ingresos de pagos a cuenta (ITC por ejemplo)<\/li><li>Carga manual de\u00a0retenciones\u00a0y\/o percepciones<\/li><\/ul>\n\n\n\n<p>En todos estos casos la declaraci\u00f3n jurada se deber\u00e1 seguir presentando mediante el servicio Mis Aplicaciones Web (F.2002).<\/p>\n\n\n\n<p>Por \u00faltimo, se\u00f1alamos que para los sujetos obligados a presentar el libro de iva digital desde el per\u00edodo junio 2020 queda sin efecto la obligaci\u00f3n de presentar el r\u00e9gimen informativo de compras y ventas a partir de dicho per\u00edodo.<\/p>\n","protected":false},"excerpt":{"rendered":"<p>A partir del per\u00edodo fiscal junio de 2020 entra en vigencia la obligaci\u00f3n de registrar electr\u00f3nicamente las operaciones a trav\u00e9s del Libro de IVA Digital.<\/p>\n","protected":false},"author":2,"featured_media":320,"comment_status":"open","ping_status":"open","sticky":false,"template":"","format":"standard","meta":{"generate_page_header":"","footnotes":""},"categories":[6],"tags":[12],"class_list":["post-316","post","type-post","status-publish","format-standard","has-post-thumbnail","hentry","category-noticias","tag-afip"],"_links":{"self":[{"href":"http:\/\/estudiovernengo.com\/estudio\/wp-json\/wp\/v2\/posts\/316","targetHints":{"allow":["GET"]}}],"collection":[{"href":"http:\/\/estudiovernengo.com\/estudio\/wp-json\/wp\/v2\/posts"}],"about":[{"href":"http:\/\/estudiovernengo.com\/estudio\/wp-json\/wp\/v2\/types\/post"}],"author":[{"embeddable":true,"href":"http:\/\/estudiovernengo.com\/estudio\/wp-json\/wp\/v2\/users\/2"}],"replies":[{"embeddable":true,"href":"http:\/\/estudiovernengo.com\/estudio\/wp-json\/wp\/v2\/comments?post=316"}],"version-history":[{"count":2,"href":"http:\/\/estudiovernengo.com\/estudio\/wp-json\/wp\/v2\/posts\/316\/revisions"}],"predecessor-version":[{"id":322,"href":"http:\/\/estudiovernengo.com\/estudio\/wp-json\/wp\/v2\/posts\/316\/revisions\/322"}],"wp:featuredmedia":[{"embeddable":true,"href":"http:\/\/estudiovernengo.com\/estudio\/wp-json\/wp\/v2\/media\/320"}],"wp:attachment":[{"href":"http:\/\/estudiovernengo.com\/estudio\/wp-json\/wp\/v2\/media?parent=316"}],"wp:term":[{"taxonomy":"category","embeddable":true,"href":"http:\/\/estudiovernengo.com\/estudio\/wp-json\/wp\/v2\/categories?post=316"},{"taxonomy":"post_tag","embeddable":true,"href":"http:\/\/estudiovernengo.com\/estudio\/wp-json\/wp\/v2\/tags?post=316"}],"curies":[{"name":"wp","href":"https:\/\/api.w.org\/{rel}","templated":true}]}}