{"id":304,"date":"2020-06-29T13:19:54","date_gmt":"2020-06-29T13:19:54","guid":{"rendered":"http:\/\/estudiovernengo.com\/estudio\/?p=304"},"modified":"2020-06-29T13:20:05","modified_gmt":"2020-06-29T13:20:05","slug":"prorroga-moratoria","status":"publish","type":"post","link":"http:\/\/estudiovernengo.com\/estudio\/prorroga-moratoria\/","title":{"rendered":"Pr\u00f3rroga Moratoria"},"content":{"rendered":"\n<p>El Poder Ejecutivo Nacional public\u00f3 en el Bolet\u00edn Oficial\u00a0de hoy\u00a0(27\/06\/2020) un Decreto de Necesidad y Urgencia (N\u00b0 569\/2020)\u00a0que\u00a0<strong>prorroga\u00a0hasta el\u00a031 de julio de 2020<\/strong>, inclusive, el plazo para que los contribuyentes puedan\u00a0<strong>acogerse al R\u00e9gimen de Regularizaci\u00f3n establecido en el T\u00edtulo IV de la Ley 27.541 (MORATORIA DE 120 CUOTAS)<\/strong>. <\/p>\n\n\n\n<p>A su vez, se establece que la primera cuota de los planes de facilidades de pago que se presenten, desde el 1\u00b0 de julio y hasta el 31 de julio de 2020, ambas fechas inclusive, vencer\u00e1 el 18 de agosto de 2020.<\/p>\n","protected":false},"excerpt":{"rendered":"<p>El Poder Ejecutivo Nacional public\u00f3 en el Bolet\u00edn Oficial\u00a0de hoy\u00a0(27\/06\/2020) un Decreto de Necesidad y Urgencia (N\u00b0 569\/2020)\u00a0que\u00a0prorroga\u00a0hasta el\u00a031 de julio de 2020, inclusive, el plazo para que los contribuyentes puedan\u00a0acogerse al R\u00e9gimen de Regularizaci\u00f3n establecido en el T\u00edtulo IV de la Ley 27.541 (MORATORIA DE 120 CUOTAS). A su vez, se establece que la &#8230; <a title=\"Pr\u00f3rroga Moratoria\" class=\"read-more\" href=\"http:\/\/estudiovernengo.com\/estudio\/prorroga-moratoria\/\" aria-label=\"M\u00e1s en Pr\u00f3rroga Moratoria\">Leer m\u00e1s<\/a><\/p>\n","protected":false},"author":2,"featured_media":307,"comment_status":"open","ping_status":"open","sticky":false,"template":"","format":"standard","meta":{"generate_page_header":"","footnotes":""},"categories":[6],"tags":[11],"class_list":["post-304","post","type-post","status-publish","format-standard","has-post-thumbnail","hentry","category-noticias","tag-moratoria"],"_links":{"self":[{"href":"http:\/\/estudiovernengo.com\/estudio\/wp-json\/wp\/v2\/posts\/304","targetHints":{"allow":["GET"]}}],"collection":[{"href":"http:\/\/estudiovernengo.com\/estudio\/wp-json\/wp\/v2\/posts"}],"about":[{"href":"http:\/\/estudiovernengo.com\/estudio\/wp-json\/wp\/v2\/types\/post"}],"author":[{"embeddable":true,"href":"http:\/\/estudiovernengo.com\/estudio\/wp-json\/wp\/v2\/users\/2"}],"replies":[{"embeddable":true,"href":"http:\/\/estudiovernengo.com\/estudio\/wp-json\/wp\/v2\/comments?post=304"}],"version-history":[{"count":1,"href":"http:\/\/estudiovernengo.com\/estudio\/wp-json\/wp\/v2\/posts\/304\/revisions"}],"predecessor-version":[{"id":308,"href":"http:\/\/estudiovernengo.com\/estudio\/wp-json\/wp\/v2\/posts\/304\/revisions\/308"}],"wp:featuredmedia":[{"embeddable":true,"href":"http:\/\/estudiovernengo.com\/estudio\/wp-json\/wp\/v2\/media\/307"}],"wp:attachment":[{"href":"http:\/\/estudiovernengo.com\/estudio\/wp-json\/wp\/v2\/media?parent=304"}],"wp:term":[{"taxonomy":"category","embeddable":true,"href":"http:\/\/estudiovernengo.com\/estudio\/wp-json\/wp\/v2\/categories?post=304"},{"taxonomy":"post_tag","embeddable":true,"href":"http:\/\/estudiovernengo.com\/estudio\/wp-json\/wp\/v2\/tags?post=304"}],"curies":[{"name":"wp","href":"https:\/\/api.w.org\/{rel}","templated":true}]}}