{"id":294,"date":"2020-06-26T00:43:31","date_gmt":"2020-06-26T00:43:31","guid":{"rendered":"http:\/\/estudiovernengo.com\/estudio\/?p=294"},"modified":"2020-06-29T13:13:30","modified_gmt":"2020-06-29T13:13:30","slug":"mi-pymes-se-actualizan-los-limites-de-ventas-totales-anuales-para-categorizarlas","status":"publish","type":"post","link":"http:\/\/estudiovernengo.com\/estudio\/mi-pymes-se-actualizan-los-limites-de-ventas-totales-anuales-para-categorizarlas\/","title":{"rendered":"MIPYMES: Se actualizan los l\u00edmites de ventas totales anuales para categorizarlas"},"content":{"rendered":"\n<p>Se actualizan los l\u00edmites de facturaci\u00f3n anual de las micro, peque\u00f1as y medianas empresas a partir del 22\/6\/2020<\/p>\n\n\n\n<p>SUMARIO: Se actualizan los l\u00edmites de facturaci\u00f3n anual, expresados en pesos, de las micro, peque\u00f1as y medianas empresas, para la categorizaci\u00f3n de las mismas.<br>La presente normativa comienza a regir a partir del 22\/6\/2020.<\/p>\n\n\n\n<figure class=\"wp-block-table\"><table><tbody><tr><td>JURISDICCI\u00d3N:<\/td><td>Nacional<\/td><\/tr><tr><td>ORGANISMO:<\/td><td>Sec. Peque\u00f1a y Mediana Empresa y Emprendedores<\/td><\/tr><tr><td>FECHA:<\/td><td>22\/06\/2020<\/td><\/tr><tr><td>BOL. OFICIAL:<\/td><td>24\/06\/2020<\/td><\/tr><tr><td>&nbsp;VIGENCIA DESDE:<\/td><td>&nbsp;24\/06\/2020<\/td><\/tr><\/tbody><\/table><\/figure>\n\n\n\n<p>El Expediente N\u00b0 EX-2020-39581537-APN-DGD#MPYT, las&nbsp;<a href=\"http:\/\/eolgestion.errepar.com\/sitios\/eolgestion\/Legislacion\/20110807090724262.docxhtml\" target=\"_blank\" rel=\"noreferrer noopener\">Leyes Nros. 24.467<\/a>&nbsp;y sus modificaciones,&nbsp;<a href=\"http:\/\/eolgestion.errepar.com\/sitios\/eolgestion\/Legislacion\/20110807085046849.docxhtml\" target=\"_blank\" rel=\"noreferrer noopener\">25.300<\/a>&nbsp;y sus modificaciones y&nbsp;<a href=\"http:\/\/eolgestion.errepar.com\/sitios\/eolgestion\/Legislacion\/20160801072214151.docxhtml\" target=\"_blank\" rel=\"noreferrer noopener\">27.264<\/a>, el Decreto N\u00b0 50 de fecha 19 de diciembre de 2019 y sus modificatorios, la&nbsp;<a href=\"http:\/\/eolgestion.errepar.com\/sitios\/eolgestion\/Legislacion\/20190415070530153.docxhtml\" target=\"_blank\" rel=\"noreferrer noopener\">Resoluci\u00f3n N\u00b0 220<\/a>&nbsp;de fecha 12 de abril 2019 de la ex SECRETAR\u00cdA DE EMPRENDEDORES Y DE LA PEQUE\u00d1A Y MEDIANA EMPRESA del ex MINISTERIO DE PRODUCCI\u00d3N Y TRABAJO y sus modificatorias, y<\/p>\n\n\n\n<p>CONSIDERANDO:<\/p>\n\n\n\n<p>Que la Ley N\u00b0 24.467 y sus modificaciones tiene como objeto promover el crecimiento y el desarrollo de las Peque\u00f1as y Medianas Empresas impulsando para ello pol\u00edticas de alcance general a trav\u00e9s de la creaci\u00f3n de nuevos instrumentos de apoyo y la consolidaci\u00f3n de los ya existentes.<\/p>\n\n\n\n<p>Que por el Art\u00edculo 2\u00ba de la citada norma se encomienda a la Autoridad de Aplicaci\u00f3n definir las caracter\u00edsticas de las empresas que ser\u00e1n consideradas Micro, Peque\u00f1as y Medianas Empresas, pudiendo contemplar, cuando as\u00ed se justificare, las especificidades propias de los distintos sectores y regiones del pa\u00eds y con base en alguno, algunos o todos los siguientes atributos de las mismas o sus equivalentes, personal ocupado, valor de las ventas y valor de los activos aplicados al proceso productivo, ello sin perjuicio de lo dispuesto en el Art\u00edculo 83 de la mencionada ley.<\/p>\n\n\n\n<p>Que, asimismo, el referido Art\u00edculo 2\u00b0 establece que la Autoridad de Aplicaci\u00f3n revisar\u00e1 anualmente la definici\u00f3n de Micro, Peque\u00f1a y Mediana Empresa a fin de actualizar los par\u00e1metros y especificidades contempladas en la definici\u00f3n adoptada.<\/p>\n\n\n\n<p>Que por el Decreto N\u00b0 50 de fecha 19 de diciembre de 2019 y sus modificatorios se aprob\u00f3 el Organigrama de Aplicaci\u00f3n de la Administraci\u00f3n Nacional centralizada hasta nivel de Subsecretar\u00eda y sus respectivos objetivos, entre los que se encuentran los correspondientes al MINISTERIO DE DESARROLLO PRODUCTIVO, y en particular a la SECRETAR\u00cdA DE LA PEQUE\u00d1A Y MEDIANA EMPRESA Y LOS EMPRENDEDORES, asign\u00e1ndole la facultad de entender en la aplicaci\u00f3n de la las Leyes Nros. 24.467 y sus modificaciones y 25.300 y sus modificaciones.<\/p>\n\n\n\n<p>Que por la Resoluci\u00f3n N\u00b0 220 de fecha 12 de abril de 2019 de la ex SECRETAR\u00cdA DE EMPRENDEDORES Y DE LA PEQUE\u00d1A Y MEDIANA EMPRESA del ex MINISTERIO DE PRODUCCI\u00d3N Y TRABAJO y sus modificatorias, se cre\u00f3 el \u201cRegistro de Empresas MiPyMES\u201d, con las finalidades establecidas en el Art\u00edculo 27 de la Ley N\u00ba 24.467 y sus modificaciones.<\/p>\n\n\n\n<p>Que por el Art\u00edculo 14\u00b0 de la citada resoluci\u00f3n se establece que una vez analizada la informaci\u00f3n y verificado el cumplimiento de determinados requisitos, se emitir\u00e1 el \u201cCertificado MiPyME\u201d, quedando as\u00ed la empresa inscripta en el Registro de Empresas MiPyMES.<\/p>\n\n\n\n<p>Que mediante el Art\u00edculo 3\u00b0 de Resoluci\u00f3n N\u00b0 220\/19 de la ex SECRETAR\u00cdA DE EMPRENDEDORES Y DE LA PEQUE\u00d1A Y MEDIANA EMPRESA y sus modificatorias se definieron las caracter\u00edsticas relevantes a los fines de la categorizaci\u00f3n e inscripci\u00f3n en el Registro de Empresas MiPyMES, entre las que se encuentran los l\u00edmites de ventas totales anuales, personal ocupado y activos expresados en pesos.<\/p>\n\n\n\n<p>Que mediante los Art\u00edculos 5\u00b0, 6\u00b0 y 7\u00b0 de dicha resoluci\u00f3n se aprobaron los l\u00edmites de categorizaci\u00f3n seg\u00fan ventas totales anuales, personal ocupado y activos, los cuales fueron determinados en los cuadros A, B y C del Anexo IV de la citada norma.<\/p>\n\n\n\n<p>Que la Direcci\u00f3n Nacional de Financiamiento y Competitividad PYME de la SUBSECRETAR\u00cdA DE FINANCIAMIENTO Y COMPETITIVIDAD PYME de la SECRETAR\u00cdA DE LA PEQUE\u00d1A Y MEDIANA EMPRESA Y LOS EMPRENDEDORES del MINISTERIO DE DESARROLLO PRODUCTIVO se expidi\u00f3 respecto de la actualizaci\u00f3n de los valores mencionados precedentemente, elevando a la Autoridad de Aplicaci\u00f3n una propuesta mediante el Informe T\u00e9cnico IF-2020-39576727-APN-DNCYFP#MPYT, ratificado por la mencionada Subsecretar\u00eda mediante el Informe IF-2020-39578671-APN-SSFYCP#MDP.<\/p>\n\n\n\n<p>Que esta SECRETAR\u00cdA DE LA PEQUE\u00d1A Y MEDIANA EMPRESA Y LOS EMPRENDEDORES analiz\u00f3 la propuesta de la dicha Direcci\u00f3n y comparte el criterio expresado en cuanto a la actualizaci\u00f3n de valores de los l\u00edmites de ventas totales anuales, personal ocupado y activos expresados en pesos.<\/p>\n\n\n\n<p>Que, en virtud de lo expuesto, resulta necesario realizar la actualizaci\u00f3n anual de los valores establecidos en el Anexo IV de la Resoluci\u00f3n N\u00ba 220\/19 de la ex SECRETAR\u00cdA DE EMPRENDEDORES Y DE LA PEQUE\u00d1A Y MEDIANA EMPRESA y sus modificatorias.<\/p>\n\n\n\n<p>Que la Direcci\u00f3n General de Asuntos Jur\u00eddicos del MINISTERIO DE DESARROLLO PRODUCTIVO ha tomado la intervenci\u00f3n que le compete.<\/p>\n\n\n\n<p>Que la presente medida se adopta en virtud de las facultades conferidas por el Art\u00edculo 2\u00ba de la Ley N\u00b0 24.467 y sus modificaciones, y el Decreto N\u00ba 50\/19 y sus modificatorios.<\/p>\n\n\n\n<p>Por ello,<\/p>\n\n\n\n<p>EL SECRETARIO DE LA PEQUE\u00d1A Y MEDIANA EMPRESA Y LOS EMPRENDEDORES<\/p>\n\n\n\n<p>RESUELVE:<\/p>\n\n\n\n<p>Art. 1 &#8211; Sustit\u00fayese el&nbsp;<a href=\"http:\/\/eolgestion.errepar.com\/sitios\/eolgestion\/Legislacion\/20190415070530153.docxhtml#Anexo_IV\" target=\"_blank\" rel=\"noreferrer noopener\">Anexo IV de la resoluci\u00f3n 220<\/a>&nbsp;de fecha 12 de abril de 2019 de la ex Secretar\u00eda de Emprendedores y de la Peque\u00f1a y Mediana Empresa del ex Ministerio de Producci\u00f3n y Trabajo y sus modificatorias, por el&nbsp;<a href=\"http:\/\/eol.errepar.com\/sitios\/ver\/html\/20200624054558421.html#ANEXO\" target=\"_blank\" rel=\"noreferrer noopener\">Anexo<\/a>&nbsp;que forma parte integrante de la presente medida.<\/p>\n\n\n\n<p>Art. 2 &#8211; La presente resoluci\u00f3n comenzar\u00e1 a regir a partir de su emisi\u00f3n.<\/p>\n\n\n\n<p>Art. 3 &#8211; De forma.<\/p>\n\n\n\n<p>TEXTO S\/R. (SPyMEyE) 69\/2020 &#8211; BO: 24\/6\/2020<\/p>\n\n\n\n<p>FUENTE: R. (SPyMEyE) 69\/2020<\/p>\n\n\n\n<p>VIGENCIA Y APLICACI\u00d3N<\/p>\n\n\n\n<p>Vigencia: 24\/6\/2020<\/p>\n\n\n\n<p>Aplicaci\u00f3n: desde el 22\/6\/2020<\/p>\n\n\n\n<p>ANEXO<\/p>\n\n\n\n<h3 class=\"wp-block-heading\"><strong>A. L\u00edmites de ventas totales anuales expresados en pesos ($).<\/strong><\/h3>\n\n\n\n<figure class=\"wp-block-table\"><table><tbody><tr><td>Categor\u00eda<\/td><td>Construcci\u00f3n<\/td><td>Servicios<\/td><td>Comercio<\/td><td>Industria y miner\u00eda<\/td><td>Agropecuario<\/td><\/tr><tr><td>Micro<\/td><td>19.450.000<\/td><td>9.900.000<\/td><td>36.320.000<\/td><td>33.920.000<\/td><td>17.260.000<\/td><\/tr><tr><td>Peque\u00f1a<\/td><td>115.370.000<\/td><td>59.710.000<\/td><td>247.200.000<\/td><td>243.290.000<\/td><td>71.960.000<\/td><\/tr><tr><td>Mediana tramo 1<\/td><td>643.710.000<\/td><td>494.200.000<\/td><td>1.821.760.000<\/td><td>1.651.750.000<\/td><td>426.720.000<\/td><\/tr><tr><td>Mediana tramo 2<\/td><td>965.460.000<\/td><td>705.790.000<\/td><td>2.602.540.000<\/td><td>2.540.380.000<\/td><td>676.810.000<\/td><\/tr><\/tbody><\/table><\/figure>\n\n\n\n<h3 class=\"wp-block-heading\"><strong>B. L\u00edmites de personal ocupado<\/strong><\/h3>\n\n\n\n<figure class=\"wp-block-table\"><table><tbody><tr><td>Categor\u00eda<\/td><td>Construcci\u00f3n<\/td><td>Servicios<\/td><td>Comercio<\/td><td>Industria y miner\u00eda<\/td><td>Agropecuario<\/td><\/tr><tr><td>Micro<\/td><td>12<\/td><td>7<\/td><td>7<\/td><td>15<\/td><td>5<\/td><\/tr><tr><td>Peque\u00f1a<\/td><td>45<\/td><td>30<\/td><td>35<\/td><td>60<\/td><td>10<\/td><\/tr><tr><td>Mediana tramo 1<\/td><td>200<\/td><td>165<\/td><td>125<\/td><td>235<\/td><td>50<\/td><\/tr><tr><td>Mediana tramo 2<\/td><td>590<\/td><td>535<\/td><td>345<\/td><td>655<\/td><td>215<\/td><\/tr><\/tbody><\/table><\/figure>\n\n\n\n<h3 class=\"wp-block-heading\"><strong>C. L\u00edmite de activos expresados en pesos ($)<\/strong><\/h3>\n\n\n\n<figure class=\"wp-block-table\"><table><tbody><tr><td>Tope de Activo En pesos<\/td><\/tr><tr><td>193.000.000<\/td><\/tr><\/tbody><\/table><\/figure>\n","protected":false},"excerpt":{"rendered":"<p>Se actualizan los l\u00edmites de facturaci\u00f3n anual de las micro, peque\u00f1as y medianas empresas<\/p>\n","protected":false},"author":2,"featured_media":296,"comment_status":"open","ping_status":"open","sticky":false,"template":"","format":"standard","meta":{"generate_page_header":"","footnotes":""},"categories":[6],"tags":[15,18,16],"class_list":["post-294","post","type-post","status-publish","format-standard","has-post-thumbnail","hentry","category-noticias","tag-actualizacion-facturacion","tag-mi-pymes","tag-montos"],"_links":{"self":[{"href":"http:\/\/estudiovernengo.com\/estudio\/wp-json\/wp\/v2\/posts\/294","targetHints":{"allow":["GET"]}}],"collection":[{"href":"http:\/\/estudiovernengo.com\/estudio\/wp-json\/wp\/v2\/posts"}],"about":[{"href":"http:\/\/estudiovernengo.com\/estudio\/wp-json\/wp\/v2\/types\/post"}],"author":[{"embeddable":true,"href":"http:\/\/estudiovernengo.com\/estudio\/wp-json\/wp\/v2\/users\/2"}],"replies":[{"embeddable":true,"href":"http:\/\/estudiovernengo.com\/estudio\/wp-json\/wp\/v2\/comments?post=294"}],"version-history":[{"count":4,"href":"http:\/\/estudiovernengo.com\/estudio\/wp-json\/wp\/v2\/posts\/294\/revisions"}],"predecessor-version":[{"id":303,"href":"http:\/\/estudiovernengo.com\/estudio\/wp-json\/wp\/v2\/posts\/294\/revisions\/303"}],"wp:featuredmedia":[{"embeddable":true,"href":"http:\/\/estudiovernengo.com\/estudio\/wp-json\/wp\/v2\/media\/296"}],"wp:attachment":[{"href":"http:\/\/estudiovernengo.com\/estudio\/wp-json\/wp\/v2\/media?parent=294"}],"wp:term":[{"taxonomy":"category","embeddable":true,"href":"http:\/\/estudiovernengo.com\/estudio\/wp-json\/wp\/v2\/categories?post=294"},{"taxonomy":"post_tag","embeddable":true,"href":"http:\/\/estudiovernengo.com\/estudio\/wp-json\/wp\/v2\/tags?post=294"}],"curies":[{"name":"wp","href":"https:\/\/api.w.org\/{rel}","templated":true}]}}