{"id":253,"date":"2020-06-18T20:27:25","date_gmt":"2020-06-18T20:27:25","guid":{"rendered":"http:\/\/estudiovernengo.com\/estudio\/?p=253"},"modified":"2020-06-18T20:41:48","modified_gmt":"2020-06-18T20:41:48","slug":"moratoria-para-mipymes-y-entidades-sin-fines-de-lucro","status":"publish","type":"post","link":"http:\/\/estudiovernengo.com\/estudio\/moratoria-para-mipymes-y-entidades-sin-fines-de-lucro\/","title":{"rendered":"Se prorrog\u00f3 el plazo para la adhesi\u00f3n al plan Moratoria para MiPyMEs hasta el 30 de junio 2020."},"content":{"rendered":"\n<h3 class=\"wp-block-heading\"><strong>Beneficios<\/strong><\/h3>\n\n\n\n<p>Te ayudamos a cancelar las obligaciones vencidas al d\u00eda 30 de noviembre de 2019, inclusive, los intereses no condonados, as\u00ed como las multas y dem\u00e1s sanciones firmes relacionadas con dichas obligaciones en cuotas, al contado con reducci\u00f3n del 15% o compensando con tu saldo a favor.<\/p>\n\n\n\n<p>Ser\u00e1n condonados intereses capitales y punitorios, multas y sanciones. Esto tambi\u00e9n se aplicar\u00e1 respecto de los anticipos.<\/p>\n\n\n\n<p>Adem\u00e1s cancelar tus deudas a trav\u00e9s de este r\u00e9gimen de regularizaci\u00f3n, te permitir\u00e1:<\/p>\n\n\n\n<ul class=\"wp-block-list\"><li>Obtener el levantamiento de la suspensi\u00f3n del deudor en los \u201cRegistros Especiales Aduaneros\u201d.<\/li><li>Usufructuar el beneficio de reducci\u00f3n de las contribuciones con destino al R\u00e9gimen Nacional de la Seguridad Social.<\/li><li>Considerar regularizado el importe adeudado.<\/li><li>Obtener la baja de la inscripci\u00f3n del Registro P\u00fablico de Empleadores con Sanciones Laborales (REPSAL).<\/li><\/ul>\n\n\n\n<h3 class=\"wp-block-heading\"><strong>\u00bfQui\u00e9nes pueden acceder a este beneficio?<\/strong><\/h3>\n\n\n\n<p>Podr\u00e1n acceder las micro, peque\u00f1as y medianas empresas, incluyendo a los monotributistas y aut\u00f3nomos. Adem\u00e1s alcanza a las entidades sin fines de lucro que est\u00e9n inscriptas en la AFIP.<\/p>\n\n\n\n<h3 class=\"wp-block-heading\"><strong>\u00bfQu\u00e9 deudas se pueden incluir?<\/strong><\/h3>\n\n\n\n<p>Se pueden incluir deudas impositivas, aduaneras y de la seguridad social, correspondientes a obligaciones vencidas al d\u00eda 30 de noviembre de 2019, as\u00ed como sus intereses, multas y dem\u00e1s sanciones no condonadas. Adem\u00e1s pueden refinanciarse planes vigentes al 23\/12\/2019.<\/p>\n\n\n\n<h3 class=\"wp-block-heading\"><strong>\u00bfHasta cu\u00e1ndo se puede acceder al beneficio?<\/strong><\/h3>\n\n\n\n<p>El plazo para acceder al beneficio fue prorrogado hasta el 30 de junio de 2020.<\/p>\n\n\n\n<h3 class=\"wp-block-heading\"><strong>\u00bfCu\u00e1les son las opciones de pago para acceder a los beneficios?<\/strong><\/h3>\n\n\n\n<p>Las opciones de pago son:<\/p>\n\n\n\n<ul class=\"wp-block-list\"><li>Mediante pago al contado o en cuotas. En este caso la adhesi\u00f3n deber\u00e1 efectuarse al trav\u00e9s del servicio con clave fiscal \u201cMis Facilidades\u201d<\/li><li>Mediante compensaci\u00f3n, utilizando saldos a favor. En este caso, se deber\u00e1 utilizar el servicio con clave fiscal \u201cSistema de Cuentas Tributarias\u201d. Esta opci\u00f3n no podr\u00e1 utilizarse para deuda de Monotributo y Aut\u00f3nomos.<\/li><\/ul>\n\n\n\n<h3 class=\"wp-block-heading\"><strong>\u00bfCu\u00e1les son las condiciones del plan de pago en cuotas?<\/strong><\/h3>\n\n\n\n<p>Las cuotas ser\u00e1n mensuales e iguales en cuanto al capital. El monto m\u00ednimo de capital de cada cuota ser\u00e1 de $1.000. La tasa de inter\u00e9s mensual ser\u00e1:<\/p>\n\n\n\n<ul class=\"wp-block-list\"><li>3% para las cuotas con vencimiento hasta el mes de enero\/2021<\/li><li>Para las cuotas con vencimiento en los meses de febrero\/2021 y siguientes, la tasa ser\u00e1 variable.<\/li><li>El tipo de deuda<\/li><li>El tipo de sujeto<\/li><li>Y el mes de consolidaci\u00f3n (es decir, de cuando presentes tu plan)<\/li><\/ul>\n\n\n\n<h3 class=\"wp-block-heading\"><strong>\u00bfC\u00f3mo se solicita la anulaci\u00f3n o la cancelaci\u00f3n anticipada del plan?<\/strong><\/h3>\n\n\n\n<p>Los contribuyentes y responsables -ante la detecci\u00f3n de errores- podr\u00e1n solicitar hasta el 30 de junio de 2020 la anulaci\u00f3n de la adhesi\u00f3n al r\u00e9gimen mediante el servicio con clave fiscal denominado \u201cPresentaciones Digitales\u201d, a trav\u00e9s del tr\u00e1mite \u201cPlanes de Pago. Anulaciones, cancelaciones anticipadas totales y otras\u201d.<\/p>\n\n\n\n<h6 class=\"wp-block-heading\"><strong>M\u00e1s informaci\u00f3n<\/strong><\/h6>\n\n\n\n<p>Ingres\u00e1 al micrositio&nbsp;<a href=\"http:\/\/www.afip.gob.ar\/moratoria\">Moratoria<\/a>&nbsp;para obtener m\u00e1s precisiones sobre este r\u00e9gimen de regularizaci\u00f3n.<\/p>\n","protected":false},"excerpt":{"rendered":"<p>Se prorrog\u00f3 el plazo para la adhesi\u00f3n al plan Moratoria para MiPyMEs hasta el 30 de junio 2020.<\/p>\n","protected":false},"author":2,"featured_media":256,"comment_status":"open","ping_status":"open","sticky":false,"template":"","format":"standard","meta":{"generate_page_header":"","footnotes":""},"categories":[6],"tags":[12,11],"class_list":["post-253","post","type-post","status-publish","format-standard","has-post-thumbnail","hentry","category-noticias","tag-afip","tag-moratoria"],"_links":{"self":[{"href":"http:\/\/estudiovernengo.com\/estudio\/wp-json\/wp\/v2\/posts\/253","targetHints":{"allow":["GET"]}}],"collection":[{"href":"http:\/\/estudiovernengo.com\/estudio\/wp-json\/wp\/v2\/posts"}],"about":[{"href":"http:\/\/estudiovernengo.com\/estudio\/wp-json\/wp\/v2\/types\/post"}],"author":[{"embeddable":true,"href":"http:\/\/estudiovernengo.com\/estudio\/wp-json\/wp\/v2\/users\/2"}],"replies":[{"embeddable":true,"href":"http:\/\/estudiovernengo.com\/estudio\/wp-json\/wp\/v2\/comments?post=253"}],"version-history":[{"count":3,"href":"http:\/\/estudiovernengo.com\/estudio\/wp-json\/wp\/v2\/posts\/253\/revisions"}],"predecessor-version":[{"id":262,"href":"http:\/\/estudiovernengo.com\/estudio\/wp-json\/wp\/v2\/posts\/253\/revisions\/262"}],"wp:featuredmedia":[{"embeddable":true,"href":"http:\/\/estudiovernengo.com\/estudio\/wp-json\/wp\/v2\/media\/256"}],"wp:attachment":[{"href":"http:\/\/estudiovernengo.com\/estudio\/wp-json\/wp\/v2\/media?parent=253"}],"wp:term":[{"taxonomy":"category","embeddable":true,"href":"http:\/\/estudiovernengo.com\/estudio\/wp-json\/wp\/v2\/categories?post=253"},{"taxonomy":"post_tag","embeddable":true,"href":"http:\/\/estudiovernengo.com\/estudio\/wp-json\/wp\/v2\/tags?post=253"}],"curies":[{"name":"wp","href":"https:\/\/api.w.org\/{rel}","templated":true}]}}