{"id":248,"date":"2020-06-18T20:17:40","date_gmt":"2020-06-18T20:17:40","guid":{"rendered":"http:\/\/estudiovernengo.com\/estudio\/?p=248"},"modified":"2020-06-18T20:17:46","modified_gmt":"2020-06-18T20:17:46","slug":"ife-desde-anses-ratifican-que-se-analiza-continuar-el-pago-tras-la-pandemia","status":"publish","type":"post","link":"http:\/\/estudiovernengo.com\/estudio\/ife-desde-anses-ratifican-que-se-analiza-continuar-el-pago-tras-la-pandemia\/","title":{"rendered":"IFE: desde ANSES ratifican que se analiza continuar el pago tras la pandemia"},"content":{"rendered":"\n<p>Consultada sobre la posibilidad de que el&nbsp;<strong>Ingreso Familiar de Emergencia (<a href=\"https:\/\/www.ambito.com\/ife-a5128564\">IFE<\/a>)<\/strong>&nbsp;contin\u00fae en la etapa posterior a la&nbsp;<a href=\"https:\/\/www.ambito.com\/pandemia-a5128487\">pandemia<\/a>, la titular de&nbsp;<strong><a href=\"https:\/\/www.ambito.com\/anses-a5122534\">ANSES<\/a>,&nbsp;<a href=\"https:\/\/www.ambito.com\/fernanda-raverta-a5129179\">Fernanda Raverta<\/a><\/strong>, indic\u00f3 que&nbsp;se est\u00e1 analizando en qu\u00e9 formatos y con qu\u00e9 prestaciones, por las condiciones de las familias para atravesar el tiempo posterior al coronavirus Covid-19.00:00\/00:00Loading Ad<\/p>\n\n\n\n<p>En este sentido, en declaraciones que concedi\u00f3 el martes por la ma\u00f1ana a Radio Nacional, afirm\u00f3 que viene un tiempo de mucha solidaridad y mucha ayuda, y puso el acento en que&nbsp;<em><strong>\u00abla pandemia ech\u00f3 luz sobre la desigualdad en la que vivimos los argentinos y vienen tiempos de reparar\u00bb<\/strong><\/em>.<\/p>\n\n\n\n<p>Raverta tambi\u00e9n asegur\u00f3 que todos los beneficiarios del IFE tendr\u00e1n una cuenta bancaria.&nbsp;<em><strong>\u00abLos casi nueve millones de familias que ya percibieron el primer pago del IFE, van a terminar este cronograma con una cuenta bancaria\u00bb<\/strong><\/em>, inform\u00f3 la titular del organismo.<\/p>\n\n\n\n<p>Al respecto, agreg\u00f3 que \u00ablo van a hacer de distintas maneras\u00bb, y mencion\u00f3 que una de ellas es una nueva aplicaci\u00f3n que est\u00e1 en la p\u00e1gina de ANSES para quienes son beneficiarios del IFE pero no de la&nbsp;<strong>Asignaci\u00f3n Universal por Hijo (AUH)<\/strong>.<\/p>\n\n\n\n<p>\u00abIncorporamos una nueva aplicaci\u00f3n a la p\u00e1gina de ANSES en la que pod\u00e9s ver si ten\u00e9s una cuenta bancaria (CBU) o m\u00e1s de una cuenta y elegir en cu\u00e1l quer\u00e9s que el organismo te deposite los $ 10.000 una vez que terminemos de pagar a los de la Asignaci\u00f3n Universal (el 22 de junio)\u00bb, explic\u00f3.<\/p>\n\n\n\n<p>Sobre este punto, la ANSES inform\u00f3 este lunes que un mill\u00f3n de personas ya eligieron su Clave Bancaria Uniforme (CBU) para el cobro del IFE desde que el domingo se habilit\u00f3 el aplicativo.<\/p>\n","protected":false},"excerpt":{"rendered":"<p>Consultada sobre la posibilidad de que el&nbsp;Ingreso Familiar de Emergencia (IFE)&nbsp;contin\u00fae en la etapa posterior a la&nbsp;pandemia, la titular de&nbsp;ANSES,&nbsp;Fernanda Raverta, indic\u00f3 que&nbsp;se est\u00e1 analizando en qu\u00e9 formatos y con qu\u00e9 prestaciones, por las condiciones de las familias para atravesar el tiempo posterior al coronavirus Covid-19.00:00\/00:00Loading Ad En este sentido, en declaraciones que concedi\u00f3 el &#8230; <a title=\"IFE: desde ANSES ratifican que se analiza continuar el pago tras la pandemia\" class=\"read-more\" href=\"http:\/\/estudiovernengo.com\/estudio\/ife-desde-anses-ratifican-que-se-analiza-continuar-el-pago-tras-la-pandemia\/\" aria-label=\"M\u00e1s en IFE: desde ANSES ratifican que se analiza continuar el pago tras la pandemia\">Leer m\u00e1s<\/a><\/p>\n","protected":false},"author":2,"featured_media":250,"comment_status":"open","ping_status":"open","sticky":false,"template":"","format":"standard","meta":{"generate_page_header":"","footnotes":""},"categories":[6],"tags":[9,8,10],"class_list":["post-248","post","type-post","status-publish","format-standard","has-post-thumbnail","hentry","category-noticias","tag-anses","tag-ife","tag-pago"],"_links":{"self":[{"href":"http:\/\/estudiovernengo.com\/estudio\/wp-json\/wp\/v2\/posts\/248","targetHints":{"allow":["GET"]}}],"collection":[{"href":"http:\/\/estudiovernengo.com\/estudio\/wp-json\/wp\/v2\/posts"}],"about":[{"href":"http:\/\/estudiovernengo.com\/estudio\/wp-json\/wp\/v2\/types\/post"}],"author":[{"embeddable":true,"href":"http:\/\/estudiovernengo.com\/estudio\/wp-json\/wp\/v2\/users\/2"}],"replies":[{"embeddable":true,"href":"http:\/\/estudiovernengo.com\/estudio\/wp-json\/wp\/v2\/comments?post=248"}],"version-history":[{"count":1,"href":"http:\/\/estudiovernengo.com\/estudio\/wp-json\/wp\/v2\/posts\/248\/revisions"}],"predecessor-version":[{"id":252,"href":"http:\/\/estudiovernengo.com\/estudio\/wp-json\/wp\/v2\/posts\/248\/revisions\/252"}],"wp:featuredmedia":[{"embeddable":true,"href":"http:\/\/estudiovernengo.com\/estudio\/wp-json\/wp\/v2\/media\/250"}],"wp:attachment":[{"href":"http:\/\/estudiovernengo.com\/estudio\/wp-json\/wp\/v2\/media?parent=248"}],"wp:term":[{"taxonomy":"category","embeddable":true,"href":"http:\/\/estudiovernengo.com\/estudio\/wp-json\/wp\/v2\/categories?post=248"},{"taxonomy":"post_tag","embeddable":true,"href":"http:\/\/estudiovernengo.com\/estudio\/wp-json\/wp\/v2\/tags?post=248"}],"curies":[{"name":"wp","href":"https:\/\/api.w.org\/{rel}","templated":true}]}}