{"id":242,"date":"2020-06-18T20:06:01","date_gmt":"2020-06-18T20:06:01","guid":{"rendered":"http:\/\/estudiovernengo.com\/estudio\/?p=242"},"modified":"2020-06-18T21:00:55","modified_gmt":"2020-06-18T21:00:55","slug":"bienes-personales-por-que-mas-de-100-000-contribuyentes-van-a-empezar-a-pagar-y-con-una-tasa-mas-alta","status":"publish","type":"post","link":"http:\/\/estudiovernengo.com\/estudio\/bienes-personales-por-que-mas-de-100-000-contribuyentes-van-a-empezar-a-pagar-y-con-una-tasa-mas-alta\/","title":{"rendered":"Bienes Personales: por qu\u00e9 m\u00e1s de 100.000 contribuyentes van a empezar a pagar y con una tasa m\u00e1s alta"},"content":{"rendered":"\n<p>A partir del 11 de junio pr\u00f3ximo comienza a vencer el&nbsp;<a rel=\"noreferrer noopener\" target=\"_blank\" href=\"https:\/\/www.iprofesional.com\/impuestos\/317131-analizan-ampliar-el-impuesto-a-la-riqueza-a-quienes-alcanzara\">Impuesto<\/a>&nbsp;a los&nbsp;<strong>Bienes Personales&nbsp;<\/strong>\u2013 acciones y participaciones societarias, correspondiente al a\u00f1o 2019. Pero este a\u00f1o, a diferencia de los tres a\u00f1os anteriores, comienzan a&nbsp;<strong>pagar&nbsp;<\/strong>aquellos que hab\u00edan sido beneficiados por una&nbsp;<strong>exenci\u00f3n especial&nbsp;<\/strong>por buena conducta fiscal. Se tratar\u00eda de m\u00e1s de&nbsp;<strong>100.000 personas y empresas.<\/strong><\/p>\n\n\n\n<p>Los contribuyentes que hab\u00edan cumplido con sus obligaciones tributarias correspondientes a los dos per\u00edodos fiscales inmediatos anteriores al per\u00edodo fiscal 2016, y que no se hab\u00edan adherido al blanqueo ni a planes de facilidades de pago particulares, gozaron de la&nbsp;<strong>exenci\u00f3n&nbsp;<\/strong>del&nbsp;<strong>impuesto&nbsp;<\/strong>sobre los&nbsp;<strong>bienes personales&nbsp;<\/strong>por los per\u00edodos fiscales 2016, 2017 y 2018, inclusive, record\u00f3 Vicente Lourenzo, consultor Pyme.<\/p>\n\n\n\n<p>Se inclu\u00eda dentro de este beneficio a las empresas que act\u00faan como responsables sustitutos del Impuesto sobre los\u00a0<a rel=\"noreferrer noopener\" target=\"_blank\" href=\"https:\/\/www.iprofesional.com\/impuestos\/316520-bienes-personales-que-pasa-con-acciones-y-participaciones\">Bienes Personales<\/a>\u00a0&#8211; acciones y participaciones sociales -, as\u00ed como tambi\u00e9n los responsables sustitutos de beneficiarios del exterior.<\/p>\n\n\n\n<p><img fetchpriority=\"high\" decoding=\"async\" width=\"880\" height=\"495\" src=\"https:\/\/assets.iprofesional.com\/assets\/jpg\/2020\/06\/497562.jpg?5.6.0.5\" alt=\"\"><\/p>\n\n\n\n<p>M\u00e1s de 100.000 contribuyentes comenzar\u00e1n a pagar\u00a0<a rel=\"noreferrer noopener\" target=\"_blank\" href=\"https:\/\/www.iprofesional.com\/impuestos\/316520-bienes-personales-que-pasa-con-acciones-y-participaciones\">Bienes Personales<\/a><\/p>\n\n\n\n<p>Es decir, este mes&nbsp;se deber\u00e1 abonar el 0,50% del Patrimonio Neto en concepto de Impuesto sobre los&nbsp;<a target=\"_blank\" href=\"https:\/\/www.iprofesional.com\/impuestos\/316520-bienes-personales-que-pasa-con-acciones-y-participaciones\" rel=\"noreferrer noopener\">Bienes Personales<\/a>&nbsp;sobre las acciones y participaciones societarias.<\/p>\n\n\n\n<p>La AFIP en un dictamen interpret\u00f3 que, para la determinaci\u00f3n e ingreso con car\u00e1cter de pago \u00fanico y definitivo del Impuesto sobre los&nbsp;<a target=\"_blank\" href=\"https:\/\/www.iprofesional.com\/impuestos\/316520-bienes-personales-que-pasa-con-acciones-y-participaciones\" rel=\"noreferrer noopener\">Bienes Personales<\/a>&nbsp;&#8211; acciones y participaciones sociales- se debe considerar el balance contable ajustado por Inflaci\u00f3n cerrado el a\u00f1o 2019.<\/p>\n\n\n\n<p>Hay que tomar en cuenta que, seg\u00fan la cifra que se calcula,&nbsp;<strong>m\u00e1s de 100.000 contribuyentes&nbsp;<\/strong>tendr\u00e1n esta&nbsp;<strong>nueva obligaci\u00f3n tributaria&nbsp;<\/strong>que viene a surgir en un momento de alta morosidad y par\u00e1lisis de muchas actividades como consecuencia del aislamiento social y obligatorio dictado por el Poder Ejecutivo, enfatiz\u00f3 Lourenzo, y propuso extender la exenci\u00f3n para estos sujetos.<\/p>\n\n\n\n<p>Alejandra Sarni, de BDO Argentina, enfatiz\u00f3 que el r\u00e9gimen de Sinceramiento Fiscal de 2016 result\u00f3 muy novedoso ya que por primera vez se premi\u00f3 a los contribuyentes que hubieran cumplido con sus obligaciones fiscales y por tal motivo, no requirieron incorporarse a los beneficios establecidos por el denominado blanqueo de capitales.<\/p>\n\n\n\n<p>Uno de los beneficios para los denominados \u00abcontribuyentes cumplidores\u00bb consisti\u00f3 en que gozar\u00edan de la exenci\u00f3n del&nbsp;<a target=\"_blank\" href=\"https:\/\/www.iprofesional.com\/impuestos\/317131-analizan-ampliar-el-impuesto-a-la-riqueza-a-quienes-alcanzara\" rel=\"noreferrer noopener\">Impuesto<\/a>&nbsp;sobre los&nbsp;<strong>Bienes Personales&nbsp;<\/strong>por los per\u00edodos fiscales 2016, 2017 y 2018, inclusive, record\u00f3 Sarni.<\/p>\n\n\n\n<p>Esto tiene relevancia ya que gran cantidad de contribuyentes deber\u00e1n, a partir del pr\u00f3ximo 11 de junio, cancelar el presente gravamen el cual, a partir de la modificaci\u00f3n introducida a trav\u00e9s de la ley de Solidaridad de diciembre pasado,&nbsp;increment\u00f3 la al\u00edcuota del gravamen a partir del per\u00edodo fiscal 2019, elev\u00e1ndola del 0,25% al 0,5%, precis\u00f3 Sarni.Te puede interesar<\/p>\n\n\n\n<p>Todo esto, en un contexto en el que se reactualiza el debate sobre la&nbsp;<a href=\"https:\/\/www.iprofesional.com\/impuestos\/309659-presion-impositiva-que-puesto-ocupa-argentina-en-el-ranking-mundial\" target=\"_blank\" rel=\"noreferrer noopener\">presi\u00f3n impositiva que existe en la Argentina<\/a>.<\/p>\n\n\n\n<h2 class=\"wp-block-heading\"><strong>Cuando la que paga es la empresa<\/strong><\/h2>\n\n\n\n<p>En momentos en los que se encuentra en an\u00e1lisis el incremento de la presi\u00f3n fiscal sobre los contribuyentes que a priori detenten mayor capacidad contributiva por el hecho de poseer patrimonios, nos enfrentamos al vencimiento del&nbsp;<a target=\"_blank\" href=\"https:\/\/www.iprofesional.com\/impuestos\/317131-analizan-ampliar-el-impuesto-a-la-riqueza-a-quienes-alcanzara\" rel=\"noreferrer noopener\">impuesto<\/a>&nbsp;que grava la tenencia accionaria de las empresas del pa\u00eds, bajo la modalidad de la responsabilidad sustituta en cabeza de los entes societarios, record\u00f3 Marcelo D. Rodr\u00edguez, de MR Consultores.<\/p>\n\n\n\n<p>Esta modalidad de tributaci\u00f3n establece que el&nbsp;<strong>gravamen&nbsp;<\/strong>resultar\u00e1 aplicable cuando los&nbsp;<strong>titulares&nbsp;<\/strong>de las&nbsp;<strong>acciones&nbsp;<\/strong>o participaciones en el capital de las sociedades comerciales sean personas humanas y\/o sucesiones indivisas domiciliadas en el pa\u00eds o en el exterior, como as\u00ed tambi\u00e9n las sociedades y cualquier otro tipo de persona de existencia ideal del exterior.<\/p>\n\n\n\n<p>Bajo este \u00faltimo supuesto, se presume sin admitir prueba en contrario, que las mismas pertenecen de manera indirecta, a personas f\u00edsicas domiciliadas en el exterior o a sucesiones indivisas all\u00ed radicadas.<\/p>\n\n\n\n<p>Una vez ingresado el&nbsp;<a target=\"_blank\" href=\"https:\/\/www.iprofesional.com\/impuestos\/317131-analizan-ampliar-el-impuesto-a-la-riqueza-a-quienes-alcanzara\" rel=\"noreferrer noopener\">impuesto<\/a>, las&nbsp;<strong>sociedades<\/strong>, en car\u00e1cter de responsables sustitutos, tendr\u00e1n derecho a reintegrarse el importe abonado, incluso reteniendo y\/o ejecutando directamente los bienes que dieron origen al pago.<\/p>\n\n\n\n<p>La liquidaci\u00f3n del gravamen para el per\u00edodo fiscal 2019 tiene algunas particularidades que vale la pena remarcar, advirti\u00f3 Rodr\u00edguez.<\/p>\n\n\n\n<p>En primer lugar, muchas empresas vuelven a tener la obligaci\u00f3n de&nbsp;<strong>pagar el impuesto&nbsp;<\/strong>luego de tres a\u00f1os durante los cuales se vieron eximidas de tal obligaci\u00f3n, tambi\u00e9n en este caso, indic\u00f3 Rodr\u00edguez.<\/p>\n\n\n\n<p>En tal sentido, las empresas tendr\u00e1n que&nbsp;<strong>liquidar&nbsp;<\/strong>el&nbsp;<strong>impuesto&nbsp;<\/strong>considerando el patrimonio neto al 31 de diciembre de 2019 ajustado por inflaci\u00f3n, ya que los estados contables se deben confeccionar en moneda homog\u00e9nea desde los ejercicios econ\u00f3micos cerrados desde el 31 de diciembre de 2018, dijo Rodr\u00edguez.<\/p>\n\n\n\n<p>Cuando el cierre del ejercicio opere en un mes diferente a diciembre, se deber\u00e1 tomar el patrimonio neto a la fecha cierre del ejercicio y proceder a sumar los aportes y restar los retiros que se realizaron entre esa fecha y el 31 de diciembre de 2019, precis\u00f3 Rodr\u00edguez.Te puede interesar<\/p>\n\n\n\n<p>Sarni coincidi\u00f3 en que la normativa establece que la&nbsp;<strong>base imponible&nbsp;<\/strong>estar\u00e1 determinada por la diferencia entre el activo y el pasivo de la sociedad al 31 de diciembre de cada a\u00f1o, importe al que se le deben restar el valor atribuible a las acciones, cuotas o participaciones pertenecientes a otras sociedades del pa\u00eds y los aportes de capital, incluidos los irrevocables, conforme surja de sus estados contables.<\/p>\n\n\n\n<p>Ahora bien, sostuvo Sarni, esta cuesti\u00f3n finalmente tambi\u00e9n depender\u00e1 del tipo de compa\u00f1\u00eda que se trate.<\/p>\n\n\n\n<p>Aquellas empresas que se encuentran obligadas a realizar balances conforme Normas Internacionales de Informaci\u00f3n Financiera (NIIF), liquidar\u00e1n el&nbsp;<a target=\"_blank\" href=\"https:\/\/www.iprofesional.com\/impuestos\/317131-analizan-ampliar-el-impuesto-a-la-riqueza-a-quienes-alcanzara\" rel=\"noreferrer noopener\">impuesto<\/a>&nbsp;sobre la base de un balance hist\u00f3rico mientras que aquellas que confeccionen sus estados contables conforme normas argentinas considerar\u00e1n un balance ajustado por inflaci\u00f3n, indic\u00f3.<\/p>\n\n\n\n<p>Vale decir, si bien la base imponible de este&nbsp;<strong>tributo&nbsp;<\/strong>para \u00abel resto de las compa\u00f1\u00edas\u00bb deber\u00e1 determinarse sobre la base del balance elaborado de acuerdo a las normas contables profesionales vigentes (ajustados por inflaci\u00f3n), aquellos contribuyentes que confeccionen sus estados financieros aplicando las NIIF, deber\u00e1n liquidar el&nbsp;<strong>tributo&nbsp;<\/strong>\u00absin considerar el efecto que se produce por el cambio en el poder adquisitivo de la moneda\u00bb, esto es, sobre un balance hist\u00f3rico, aclar\u00f3 Sarni.<\/p>\n\n\n\n<figure class=\"wp-block-image\"><img decoding=\"async\" src=\"https:\/\/assets.iprofesional.com\/assets\/jpg\/2020\/05\/496168.jpg?5.6.0.5\" alt=\"\"\/><\/figure>\n\n\n\n<p>Se increment\u00f3 la al\u00edcuota del gravamen a partir del per\u00edodo fiscal 2019, elev\u00e1ndola del 0,25% al 0,5%<\/p>\n\n\n\n<h2 class=\"wp-block-heading\"><strong>Un alivio para el pago<\/strong><\/h2>\n\n\n\n<p>La liquidaci\u00f3n y pago del gravamen correspondiente al per\u00edodo fiscal 2019, opera entres los d\u00edas 11 y 17 de junio del corriente a\u00f1o, pudiendo los contribuyentes incorporar el saldo a pagar dentro del plan de facilidades de pago permanente vigente, puntualiz\u00f3 Rodr\u00edguez.<\/p>\n\n\n\n<p>Sarni agreg\u00f3 que, si se optara por financiar el saldo a ingresar, actualmente est\u00e1 vigente el plan de facilidades de pago permanente que permite a los contribuyentes cancelar el saldo del&nbsp;<a target=\"_blank\" href=\"https:\/\/www.iprofesional.com\/impuestos\/317131-analizan-ampliar-el-impuesto-a-la-riqueza-a-quienes-alcanzara\" rel=\"noreferrer noopener\">impuesto<\/a>&nbsp;en hasta 6 cuotas con un inter\u00e9s del 2,37% mensual (o 2,50% si el saldo a ingresar supera las 41.000 UVA).<\/p>\n\n\n\n<h2 class=\"wp-block-heading\"><strong>Un tema que resolver\u00e1n los jueces<\/strong><\/h2>\n\n\n\n<p>Otro aspecto que se presenta por dem\u00e1s controvertido y de gran relevancia considerando la situaci\u00f3n cr\u00edtica que atraviesan gran parte de las compa\u00f1\u00edas del pa\u00eds, es el relativo a la posibilidad de utilizar el instituto de la compensaci\u00f3n con saldos propios para cancelar este gravamen en car\u00e1cter de responsables sustitutos, coment\u00f3 Sarni.<\/p>\n\n\n\n<p>Tambi\u00e9n para Rodr\u00edguez, un tema central est\u00e1 referido a la posibilidad de que las empresas puedan compensar el saldo a ingresar con saldos a favor de libre disponibilidad que mantengan con la&nbsp;<a target=\"_blank\" href=\"https:\/\/www.iprofesional.com\/impuestos\/317184-la-afip-responde-dudas-sobre-ganancias-y-renta-financiera\" rel=\"noreferrer noopener\">AFIP<\/a>.<\/p>\n\n\n\n<p>En la causa \u00abRectificaciones Rivadavia S.A.\u00bb, de la Corte Suprema de Justicia de la Naci\u00f3n, de 2011, se abre esa posibilidad, toda vez que de sus conclusiones se desprende la existencia de un responsable sustituto, quien, al colocarse en lugar del contribuyente sobre el que recae el hecho imponible (el accionista), resulta ser el \u00fanico sujeto a qui\u00e9n el estado le puede reclamar el pago del gravamen, dijo Rodr\u00edguez.<\/p>\n\n\n\n<p>Por tal motivo, las empresas tienen ese derecho, sin perjuicio de las trabas que la&nbsp;<a target=\"_blank\" href=\"https:\/\/www.iprofesional.com\/impuestos\/317184-la-afip-responde-dudas-sobre-ganancias-y-renta-financiera\" rel=\"noreferrer noopener\">AFIP<\/a>&nbsp;ha instrumentado a fin de imposibilitar a las mismas, a proceder a realizar la compensaci\u00f3n, afirm\u00f3 el tributarista.<\/p>\n\n\n\n<p>Pero, adelant\u00f3 que \u00abel \u00fanico camino que les queda a las empresas es la judicializaci\u00f3n del tema a fin de que la Justicia, invocando la letra de la ley y la conclusi\u00f3n a la que arrib\u00f3 la Corte, obligue a la&nbsp;<a target=\"_blank\" href=\"https:\/\/www.iprofesional.com\/impuestos\/317184-la-afip-responde-dudas-sobre-ganancias-y-renta-financiera\" rel=\"noreferrer noopener\">AFIP<\/a>&nbsp;a proceder a realizar la compensaci\u00f3n\u00bb.<\/p>\n\n\n\n<p>Sarni cont\u00f3 que, a partir del fallo de la Corte en Rectificaciones Rivadavia y de nuevas resoluciones de la&nbsp;<a target=\"_blank\" href=\"https:\/\/www.iprofesional.com\/impuestos\/317184-la-afip-responde-dudas-sobre-ganancias-y-renta-financiera\" rel=\"noreferrer noopener\">AFIP<\/a>&nbsp;sobre este tema, la judicializaci\u00f3n no se hizo esperar.<\/p>\n\n\n\n<p>Los responsables sustitutos comenzaron a cuestionar los rechazos de las compensaciones intentadas, invocando el desconocimiento por parte de la autoridad fiscal nacional del criterio del m\u00e1ximo tribunal y el exceso reglamentario en que incurri\u00f3 al dictar esas normas, entre otras cuestiones, indic\u00f3 Sarni.<\/p>\n\n\n\n<p><img decoding=\"async\" width=\"880\" height=\"495\" src=\"https:\/\/assets.iprofesional.com\/assets\/jpg\/2020\/05\/497404.jpg?5.6.0.5\" alt=\"\"><\/p>\n\n\n\n<p>M\u00e1s de 100.000 contribuyentes, entre personas y empresas, deber\u00e1n pagar\u00a0<a rel=\"noreferrer noopener\" target=\"_blank\" href=\"https:\/\/www.iprofesional.com\/impuestos\/316520-bienes-personales-que-pasa-con-acciones-y-participaciones\">Bienes Personales<\/a>\u00a0desde el 11 de junio<\/p>\n\n\n\n<p>En este contexto, se avizora el nacimiento de una nueva doctrina en el \u00e1mbito de la justicia federal que valida el empleo de la compensaci\u00f3n y que, llegado el momento, debiera tener acogida favorable por parte de la Corte, opin\u00f3 Sarni.<\/p>\n\n\n\n<p>Entre los pronunciamientos m\u00e1s importantes cabe destacar la sentencia dictada por la Sala II, de la C\u00e1mara Contencioso Administrativo Federal, en los autos Cresud del 16\/04\/2019 o la dictada por la Sala V en los autos IRSA del 08\/08\/2018, entre otras, enumer\u00f3.<\/p>\n\n\n\n<p>M\u00e1s all\u00e1 de la referida validaci\u00f3n judicial no es posible dejar de lado que en la actualidad el sistema de cuentas tributarias impide emplear la compensaci\u00f3n en estos t\u00e9rminos y la existencia de un complejo escenario procesal que expone al responsable sustituto frente a la&nbsp;<a target=\"_blank\" href=\"https:\/\/www.iprofesional.com\/impuestos\/317184-la-afip-responde-dudas-sobre-ganancias-y-renta-financiera\" rel=\"noreferrer noopener\">AFIP<\/a>, advirti\u00f3, sin embargo, Sarni.<\/p>\n\n\n\n<p>Por este motivo, para tratar de acceder a la compensaci\u00f3n por parte de los responsables sustitutos para la cancelaci\u00f3n del&nbsp;<a target=\"_blank\" href=\"https:\/\/www.iprofesional.com\/impuestos\/317131-analizan-ampliar-el-impuesto-a-la-riqueza-a-quienes-alcanzara\" rel=\"noreferrer noopener\">Impuesto<\/a>&nbsp;sobre los&nbsp;<strong>Bienes Personales&nbsp;<\/strong>por acciones y participaciones en sociedades del pa\u00eds requiere de una adecuada estrategia procesal tanto en el \u00e1mbito administrativo como judicial, concluy\u00f3 Sarni.<\/p>\n","protected":false},"excerpt":{"rendered":"<p>A partir del 11 de junio pr\u00f3ximo comienza a vencer el&nbsp;Impuesto&nbsp;a los&nbsp;Bienes Personales&nbsp;\u2013 acciones y participaciones societarias, correspondiente al a\u00f1o 2019. Pero este a\u00f1o, a diferencia de los tres a\u00f1os anteriores, comienzan a&nbsp;pagar&nbsp;aquellos que hab\u00edan sido beneficiados por una&nbsp;exenci\u00f3n especial&nbsp;por buena conducta fiscal. Se tratar\u00eda de m\u00e1s de&nbsp;100.000 personas y empresas. Los contribuyentes que hab\u00edan &#8230; <a title=\"Bienes Personales: por qu\u00e9 m\u00e1s de 100.000 contribuyentes van a empezar a pagar y con una tasa m\u00e1s alta\" class=\"read-more\" href=\"http:\/\/estudiovernengo.com\/estudio\/bienes-personales-por-que-mas-de-100-000-contribuyentes-van-a-empezar-a-pagar-y-con-una-tasa-mas-alta\/\" aria-label=\"M\u00e1s en Bienes Personales: por qu\u00e9 m\u00e1s de 100.000 contribuyentes van a empezar a pagar y con una tasa m\u00e1s alta\">Leer m\u00e1s<\/a><\/p>\n","protected":false},"author":2,"featured_media":244,"comment_status":"open","ping_status":"open","sticky":false,"template":"","format":"standard","meta":{"generate_page_header":"","footnotes":""},"categories":[6],"tags":[],"class_list":["post-242","post","type-post","status-publish","format-standard","has-post-thumbnail","hentry","category-noticias"],"_links":{"self":[{"href":"http:\/\/estudiovernengo.com\/estudio\/wp-json\/wp\/v2\/posts\/242","targetHints":{"allow":["GET"]}}],"collection":[{"href":"http:\/\/estudiovernengo.com\/estudio\/wp-json\/wp\/v2\/posts"}],"about":[{"href":"http:\/\/estudiovernengo.com\/estudio\/wp-json\/wp\/v2\/types\/post"}],"author":[{"embeddable":true,"href":"http:\/\/estudiovernengo.com\/estudio\/wp-json\/wp\/v2\/users\/2"}],"replies":[{"embeddable":true,"href":"http:\/\/estudiovernengo.com\/estudio\/wp-json\/wp\/v2\/comments?post=242"}],"version-history":[{"count":3,"href":"http:\/\/estudiovernengo.com\/estudio\/wp-json\/wp\/v2\/posts\/242\/revisions"}],"predecessor-version":[{"id":267,"href":"http:\/\/estudiovernengo.com\/estudio\/wp-json\/wp\/v2\/posts\/242\/revisions\/267"}],"wp:featuredmedia":[{"embeddable":true,"href":"http:\/\/estudiovernengo.com\/estudio\/wp-json\/wp\/v2\/media\/244"}],"wp:attachment":[{"href":"http:\/\/estudiovernengo.com\/estudio\/wp-json\/wp\/v2\/media?parent=242"}],"wp:term":[{"taxonomy":"category","embeddable":true,"href":"http:\/\/estudiovernengo.com\/estudio\/wp-json\/wp\/v2\/categories?post=242"},{"taxonomy":"post_tag","embeddable":true,"href":"http:\/\/estudiovernengo.com\/estudio\/wp-json\/wp\/v2\/tags?post=242"}],"curies":[{"name":"wp","href":"https:\/\/api.w.org\/{rel}","templated":true}]}}